
{"id":20652,"date":"2023-04-03T12:24:05","date_gmt":"2023-04-03T12:24:05","guid":{"rendered":"https:\/\/fourth.donausoja.org\/international-non-gmo-summit-2023-on-may-9-10th-in-frankfurt-germany\/"},"modified":"2024-06-21T08:23:07","modified_gmt":"2024-06-21T08:23:07","slug":"international-non-gmo-summit-2023-on-may-9-10th-in-frankfurt-germany","status":"publish","type":"post","link":"https:\/\/www.donausoja.org\/sr\/international-non-gmo-summit-2023-on-may-9-10th-in-frankfurt-germany\/","title":{"rendered":"Me\u0111unarodni BEZ-GMO Samit 2023 odr\u017ea\u0107e se  9 i 10. maja u Frankfurtu, Nema\u010dka"},"content":{"rendered":"<p>Prvi Me\u0111unarodni BEZ-GMO samit odr\u017ea\u0107e se 9. i 10. maja u Frankfurtu,Nema\u010dka. Samit \u0107e okupiti veliki broj u\u010desnika BEZ-GMO lanca vrednosti \u2013 od glavnih dobavlja\u010da sirovina, proizvo\u0111a\u010da hrane i trgovaca na veliko i malo. Samitu \u0107e prisustvovati klju\u010dni igra\u010di iz Evrope i Ju\u017ene Amerike, \u010dime \u0107e se stvoriti prava me\u0111unarodna razmena iista\u0107i vidljivost i tr\u017ei\u0161na relevantnost BEZ-GMO prehrambenih proizvoda i sto\u010dne hrane u poljoprivrednim i prehrambenim sistemima u mnogim evropskim zemljama.<\/p>\n<p>Samit \u0107e biti prilika da za razmenu informacija o dostupnosti BEZ-GMO sirovina, kao i o\u010dekivanjima i potrebama BEZ-GMO proizvo\u0111a\u010da i prera\u0111iva\u010da. Poseban fokus bi\u0107e na genetski nemodifikovanoj soji i njenom vezom sa sertifikovanom proizvodnjom bez kr\u010denja \u0161uma, koja je poslednjih nekoliko godina dobila na zna\u010daju imaju\u0107i u vidu zabrinutost za \u017eivotnu sredinu i klimatske promene.<\/p>\n<p>Prema najnovijem zakonodavstvu EU, poreklo proizvoda plasiranih na EU tr\u017ei\u0161te ne sme biti dovedeno u vezu sa kr\u010denjem i degradacijom \u0161uma bilo gde u svetu nakon 31. decembra 2020. godine. Stoga je \u201cproizvodnja bez kr\u010denja \u0161uma\u201d postao klju\u010dni uslov za hranu i sastojke u proizvodnji prehrambenih proizvoda u EU. Na samitu \u0107e se pronalaziti na\u010dini kako BEZ-GMO proizvodnja bez kr\u010denja \u0161uma i sertifikacija mogu i\u0107i ruku pod ruku; uz primenu verodostojnih standarda za sertifikaciju koji zahtevaju odr\u017eivu proizvodnju, kao \u0161to su Donau Soja ili Pro Terra, omogu\u0107avaju sledljivost od njive do police supermarketa, i na taj na\u010din olak\u0161avaju posao proizvo\u0111a\u010dima, trgovcima i prodavcima, kako bi se osiguralo da je njihova soja u potpunosti BEZ GMO i proizvedena bez kr\u010denja \u0161uma.<\/p>\n<p>BEZ-GMO samit predstavlja forum za razmenu i diskusiju o klju\u010dnim pitanjima kao \u0161to su dostupnost BEZ-GMO soje, kako iz Brazila tako i iz Evrope (sa fokusom na Ukrajinu). Stru\u010dnjaci sa oba kontinenta \u0107e<br \/>\nprezentovati najnovije podatke o \u017eetvi, prinosima i cenama. Bi\u0107e odr\u017eane i sesije o relevantnim temama kao \u0161to su odr\u017eivost, zahtevi potro\u0161a\u010da i ja\u010danje lanca snabdevanja.<\/p>\n<p>Na Me\u0111unarodnom BEZ-GMO samitu sa uvodnim izjavama \u0107e se obratiti nema\u010dki ministar poljoprivrede Cem \u00d6zdemir i prvi zamenik ministra agrarne politike i hrane Ukrajine, Taras Vysotskyi. O\u010dekuje se prisustvo i<br \/>\npredstavnika brazilske poljoprivredne politike.<\/p>\n<p>Kompletan program konferencije, uklju\u010duju\u0107i i reference za sve govornike, mo\u017eete na\u0107i na <a href=\"https:\/\/www.nongmosummit.com\/\">www.nongmosummit.com<\/a>.<\/p>\n<p>BEZ-GMO samit organizuju i koordiniraju klju\u010dna poslovna udru\u017eenja na tr\u017ei\u0161tu BEZ-GMO: ARGE Gentechnik-frei, Donau Soja, ENGA, ProTerra Foundation and VLOG.<\/p>\n<p>Samit \u0107e se odr\u017eati u Hilton Frankfurt Airport hotelu u Nema\u010dkoj 9. i 10. maja 2023. godine.<\/p>\n<p>Registrujte se na samit ili saznajte vi\u0161e: <a href=\"http:\/\/www.nongmosummit.com\" target=\"_blank\" rel=\"noopener\">www.nongmosummit.com<\/a>.<\/p>\n<p><a href=\"https:\/\/www.donausoja.org\/wp-content\/uploads\/2023\/04\/BEZ-GMO-Samit-Frankfurt-1.pdf\" target=\"_blank\" rel=\"noopener\">Preuzimite saop\u0161tenje za medije<\/a><\/p>\n<p><strong>Za medijske upite, molimo kontaktirajte:<\/strong><br \/>\nMirjana Lalo\u0161evi\u0107<br \/>\nAgro menad\u017eer, Donau Soja<br \/>\nVase Staji\u0107a 8<br \/>\n21000 Novi Sad\/Srbija<br \/>\nE-Mail: <a href=\"mailto:lalosevic@donausoja.org\">lalosevic@donausoja.org<\/a><br \/>\nVebsajt: <a href=\"https:\/\/www.donausoja.org\/\">www.donausoja.org<\/a>[\/et_pb_text][\/et_pb_column]<\/p>\n","protected":false},"excerpt":{"rendered":"<p>Prvi Me\u0111unarodni BEZ-GMO samit odr\u017ea\u0107e se 9. i 10. maja u Frankfurtu,Nema\u010dka. Samit \u0107e okupiti veliki broj u\u010desnika BEZ-GMO lanca vrednosti \u2013 od glavnih dobavlja\u010da sirovina, proizvo\u0111a\u010da hrane i trgovaca na veliko i malo. Samitu \u0107e prisustvovati klju\u010dni igra\u010di iz Evrope i Ju\u017ene Amerike, \u010dime \u0107e se stvoriti prava me\u0111unarodna razmena iista\u0107i vidljivost i tr\u017ei\u0161na [&hellip;]<\/p>\n","protected":false},"author":19,"featured_media":45342,"comment_status":"open","ping_status":"open","sticky":false,"template":"","format":"standard","meta":{"_et_pb_use_builder":"","_et_pb_old_content":"Prvi Me\u0111unarodni BEZ-GMO samit odr\u017ea\u0107e se 9. i 10. maja u Frankfurtu,Nema\u010dka. Samit \u0107e okupiti veliki broj u\u010desnika BEZ-GMO lanca vrednosti \u2013 od glavnih dobavlja\u010da sirovina, proizvo\u0111a\u010da hrane i trgovaca na veliko i malo. Samitu \u0107e prisustvovati klju\u010dni igra\u010di iz Evrope i Ju\u017ene Amerike, \u010dime \u0107e se stvoriti prava me\u0111unarodna razmena iista\u0107i vidljivost i tr\u017ei\u0161na relevantnost BEZ-GMO prehrambenih proizvoda i sto\u010dne hrane u poljoprivrednim i prehrambenim sistemima u mnogim evropskim zemljama.\r\n\r\nSamit \u0107e biti prilika da za razmenu informacija o dostupnosti BEZ-GMO sirovina, kao i o\u010dekivanjima i potrebama BEZ-GMO proizvo\u0111a\u010da i prera\u0111iva\u010da. Poseban fokus bi\u0107e na genetski nemodifikovanoj soji i njenom vezom sa sertifikovanom proizvodnjom bez kr\u010denja \u0161uma, koja je poslednjih nekoliko godina dobila na zna\u010daju imaju\u0107i u vidu zabrinutost za \u017eivotnu sredinu i klimatske promene.\r\n\r\nPrema najnovijem zakonodavstvu EU, poreklo proizvoda plasiranih na EU tr\u017ei\u0161te ne sme biti dovedeno u vezu sa kr\u010denjem i degradacijom \u0161uma bilo gde u svetu nakon 31. decembra 2020. godine. Stoga je \u201cproizvodnja bez kr\u010denja \u0161uma\u201d postao klju\u010dni uslov za hranu i sastojke u proizvodnji prehrambenih proizvoda u EU. Na samitu \u0107e se pronalaziti na\u010dini kako BEZ-GMO proizvodnja bez kr\u010denja \u0161uma i sertifikacija mogu i\u0107i ruku pod ruku; uz primenu verodostojnih standarda za sertifikaciju koji zahtevaju odr\u017eivu proizvodnju, kao \u0161to su Donau Soja ili Pro Terra, omogu\u0107avaju sledljivost od njive do police supermarketa, i na taj na\u010din olak\u0161avaju posao proizvo\u0111a\u010dima, trgovcima i prodavcima, kako bi se osiguralo da je njihova soja u potpunosti BEZ GMO i proizvedena bez kr\u010denja \u0161uma.\r\n\r\nBEZ-GMO samit predstavlja forum za razmenu i diskusiju o klju\u010dnim pitanjima kao \u0161to su dostupnost BEZ-GMO soje, kako iz Brazila tako i iz Evrope (sa fokusom na Ukrajinu). Stru\u010dnjaci sa oba kontinenta \u0107e\r\nprezentovati najnovije podatke o \u017eetvi, prinosima i cenama. Bi\u0107e odr\u017eane i sesije o relevantnim temama kao \u0161to su odr\u017eivost, zahtevi potro\u0161a\u010da i ja\u010danje lanca snabdevanja.\r\n\r\nNa Me\u0111unarodnom BEZ-GMO samitu sa uvodnim izjavama \u0107e se obratiti nema\u010dki ministar poljoprivrede Cem \u00d6zdemir i prvi zamenik ministra agrarne politike i hrane Ukrajine, Taras Vysotskyi. O\u010dekuje se prisustvo i\r\npredstavnika brazilske poljoprivredne politike.\r\n\r\nKompletan program konferencije, uklju\u010duju\u0107i i reference za sve govornike, mo\u017eete na\u0107i na <a href=\"https:\/\/www.nongmosummit.com\/\">www.nongmosummit.com<\/a>.\r\n\r\nBEZ-GMO samit organizuju i koordiniraju klju\u010dna poslovna udru\u017eenja na tr\u017ei\u0161tu BEZ-GMO: ARGE Gentechnik-frei, Donau Soja, ENGA, ProTerra Foundation and VLOG.\r\n\r\nSamit \u0107e se odr\u017eati u Hilton Frankfurt Airport hotelu u Nema\u010dkoj 9. i 10. maja 2023. godine.\r\n\r\nRegistrujte se na samit ili saznajte vi\u0161e: <a href=\"http:\/\/www.nongmosummit.com\" target=\"_blank\" rel=\"noopener\">www.nongmosummit.com<\/a>.\r\n\r\n<a href=\"https:\/\/www.donausoja.org\/wp-content\/uploads\/2023\/04\/BEZ-GMO-Samit-Frankfurt-1.pdf\" target=\"_blank\" rel=\"noopener\">Preuzimite saop\u0161tenje za medije<\/a>\r\n\r\n<strong>Za medijske upite, molimo kontaktirajte:<\/strong>\r\nMirjana Lalo\u0161evi\u0107\r\nAgro menad\u017eer, Donau Soja\r\nVase Staji\u0107a 8\r\n21000 Novi Sad\/Srbija\r\nE-Mail: <a href=\"mailto:lalosevic@donausoja.org\">lalosevic@donausoja.org<\/a>\r\nVebsajt: <a href=\"https:\/\/www.donausoja.org\/\">www.donausoja.org<\/a>","_et_gb_content_width":"","footnotes":""},"categories":[513],"tags":[],"class_list":["post-20652","post","type-post","status-publish","format-standard","has-post-thumbnail","hentry","category-saopstenje-za-medije"],"yoast_head":"<!-- This site is optimized with the Yoast SEO plugin v27.4 - https:\/\/yoast.com\/product\/yoast-seo-wordpress\/ -->\n<title>Me\u0111unarodni BEZ-GMO Samit 2023 odr\u017ea\u0107e se 9 i 10. maja u Frankfurtu, Nema\u010dka - Donau Soja<\/title>\n<meta name=\"description\" content=\"Prvi Me\u0111unarodni BEZ-GMO samit odr\u017ea\u0107e se 9. i 10. maja u Frankfurtu,Nema\u010dka. Samit \u0107e okupiti veliki broj u\u010desnika BEZ-GMO lanca vrednosti \u2013 od glavnih dobavlja\u010da sirovina, proizvo\u0111a\u010da hrane i trgovaca na veliko i malo.\" \/>\n<meta name=\"robots\" content=\"index, follow, max-snippet:-1, max-image-preview:large, max-video-preview:-1\" \/>\n<link rel=\"canonical\" href=\"https:\/\/www.donausoja.org\/sr\/international-non-gmo-summit-2023-on-may-9-10th-in-frankfurt-germany\/\" \/>\n<meta property=\"og:locale\" content=\"sr_RS\" \/>\n<meta property=\"og:type\" content=\"article\" \/>\n<meta property=\"og:title\" content=\"Me\u0111unarodni BEZ-GMO Samit 2023 odr\u017ea\u0107e se 9 i 10. maja u Frankfurtu, Nema\u010dka - Donau Soja\" \/>\n<meta property=\"og:description\" content=\"Prvi Me\u0111unarodni BEZ-GMO samit odr\u017ea\u0107e se 9. i 10. maja u Frankfurtu,Nema\u010dka. Samit \u0107e okupiti veliki broj u\u010desnika BEZ-GMO lanca vrednosti \u2013 od glavnih dobavlja\u010da sirovina, proizvo\u0111a\u010da hrane i trgovaca na veliko i malo.\" \/>\n<meta property=\"og:url\" content=\"https:\/\/www.donausoja.org\/sr\/international-non-gmo-summit-2023-on-may-9-10th-in-frankfurt-germany\/\" \/>\n<meta property=\"og:site_name\" content=\"Donau Soja\" \/>\n<meta property=\"article:published_time\" content=\"2023-04-03T12:24:05+00:00\" \/>\n<meta property=\"article:modified_time\" content=\"2024-06-21T08:23:07+00:00\" \/>\n<meta property=\"og:image\" content=\"https:\/\/www.donausoja.org\/wp-content\/uploads\/2023\/04\/non.gmo-croped-posts.jpg\" \/>\n\t<meta property=\"og:image:width\" content=\"1400\" \/>\n\t<meta property=\"og:image:height\" content=\"875\" \/>\n\t<meta property=\"og:image:type\" content=\"image\/jpeg\" \/>\n<meta name=\"author\" content=\"Georg Spreitzer\" \/>\n<meta name=\"twitter:card\" content=\"summary_large_image\" \/>\n<meta name=\"twitter:label1\" content=\"\u041d\u0430\u043f\u0438\u0441\u0430\u043d\u043e \u043e\u0434\" \/>\n\t<meta name=\"twitter:data1\" content=\"Georg Spreitzer\" \/>\n\t<meta name=\"twitter:label2\" content=\"\u041f\u0440\u043e\u0446\u0435\u045a\u0435\u043d\u043e \u0432\u0440\u0435\u043c\u0435 \u0447\u0438\u0442\u0430\u045a\u0430\" \/>\n\t<meta name=\"twitter:data2\" content=\"2 \u043c\u0438\u043d\u0443\u0442\u0430\" \/>\n<script type=\"application\/ld+json\" class=\"yoast-schema-graph\">{\"@context\":\"https:\\\/\\\/schema.org\",\"@graph\":[{\"@type\":\"Article\",\"@id\":\"https:\\\/\\\/www.donausoja.org\\\/sr\\\/international-non-gmo-summit-2023-on-may-9-10th-in-frankfurt-germany\\\/#article\",\"isPartOf\":{\"@id\":\"https:\\\/\\\/www.donausoja.org\\\/sr\\\/international-non-gmo-summit-2023-on-may-9-10th-in-frankfurt-germany\\\/\"},\"author\":{\"name\":\"Georg Spreitzer\",\"@id\":\"https:\\\/\\\/www.donausoja.org\\\/sr\\\/#\\\/schema\\\/person\\\/3341ecf7d9153fee6046f28563174e2a\"},\"headline\":\"Me\u0111unarodni BEZ-GMO Samit 2023 odr\u017ea\u0107e se 9 i 10. maja u Frankfurtu, Nema\u010dka\",\"datePublished\":\"2023-04-03T12:24:05+00:00\",\"dateModified\":\"2024-06-21T08:23:07+00:00\",\"mainEntityOfPage\":{\"@id\":\"https:\\\/\\\/www.donausoja.org\\\/sr\\\/international-non-gmo-summit-2023-on-may-9-10th-in-frankfurt-germany\\\/\"},\"wordCount\":507,\"commentCount\":0,\"image\":{\"@id\":\"https:\\\/\\\/www.donausoja.org\\\/sr\\\/international-non-gmo-summit-2023-on-may-9-10th-in-frankfurt-germany\\\/#primaryimage\"},\"thumbnailUrl\":\"https:\\\/\\\/www.donausoja.org\\\/wp-content\\\/uploads\\\/2023\\\/04\\\/non.gmo-croped-posts.jpg\",\"articleSection\":[\"Saop\u0161tenje za medije\"],\"inLanguage\":\"sr-RS\",\"potentialAction\":[{\"@type\":\"CommentAction\",\"name\":\"Comment\",\"target\":[\"https:\\\/\\\/www.donausoja.org\\\/sr\\\/international-non-gmo-summit-2023-on-may-9-10th-in-frankfurt-germany\\\/#respond\"]}]},{\"@type\":\"WebPage\",\"@id\":\"https:\\\/\\\/www.donausoja.org\\\/sr\\\/international-non-gmo-summit-2023-on-may-9-10th-in-frankfurt-germany\\\/\",\"url\":\"https:\\\/\\\/www.donausoja.org\\\/sr\\\/international-non-gmo-summit-2023-on-may-9-10th-in-frankfurt-germany\\\/\",\"name\":\"Me\u0111unarodni BEZ-GMO Samit 2023 odr\u017ea\u0107e se 9 i 10. maja u Frankfurtu, Nema\u010dka - Donau Soja\",\"isPartOf\":{\"@id\":\"https:\\\/\\\/www.donausoja.org\\\/sr\\\/#website\"},\"primaryImageOfPage\":{\"@id\":\"https:\\\/\\\/www.donausoja.org\\\/sr\\\/international-non-gmo-summit-2023-on-may-9-10th-in-frankfurt-germany\\\/#primaryimage\"},\"image\":{\"@id\":\"https:\\\/\\\/www.donausoja.org\\\/sr\\\/international-non-gmo-summit-2023-on-may-9-10th-in-frankfurt-germany\\\/#primaryimage\"},\"thumbnailUrl\":\"https:\\\/\\\/www.donausoja.org\\\/wp-content\\\/uploads\\\/2023\\\/04\\\/non.gmo-croped-posts.jpg\",\"datePublished\":\"2023-04-03T12:24:05+00:00\",\"dateModified\":\"2024-06-21T08:23:07+00:00\",\"author\":{\"@id\":\"https:\\\/\\\/www.donausoja.org\\\/sr\\\/#\\\/schema\\\/person\\\/3341ecf7d9153fee6046f28563174e2a\"},\"description\":\"Prvi Me\u0111unarodni BEZ-GMO samit odr\u017ea\u0107e se 9. i 10. maja u Frankfurtu,Nema\u010dka. Samit \u0107e okupiti veliki broj u\u010desnika BEZ-GMO lanca vrednosti \u2013 od glavnih dobavlja\u010da sirovina, proizvo\u0111a\u010da hrane i trgovaca na veliko i malo.\",\"breadcrumb\":{\"@id\":\"https:\\\/\\\/www.donausoja.org\\\/sr\\\/international-non-gmo-summit-2023-on-may-9-10th-in-frankfurt-germany\\\/#breadcrumb\"},\"inLanguage\":\"sr-RS\",\"potentialAction\":[{\"@type\":\"ReadAction\",\"target\":[\"https:\\\/\\\/www.donausoja.org\\\/sr\\\/international-non-gmo-summit-2023-on-may-9-10th-in-frankfurt-germany\\\/\"]}]},{\"@type\":\"ImageObject\",\"inLanguage\":\"sr-RS\",\"@id\":\"https:\\\/\\\/www.donausoja.org\\\/sr\\\/international-non-gmo-summit-2023-on-may-9-10th-in-frankfurt-germany\\\/#primaryimage\",\"url\":\"https:\\\/\\\/www.donausoja.org\\\/wp-content\\\/uploads\\\/2023\\\/04\\\/non.gmo-croped-posts.jpg\",\"contentUrl\":\"https:\\\/\\\/www.donausoja.org\\\/wp-content\\\/uploads\\\/2023\\\/04\\\/non.gmo-croped-posts.jpg\",\"width\":1400,\"height\":875},{\"@type\":\"BreadcrumbList\",\"@id\":\"https:\\\/\\\/www.donausoja.org\\\/sr\\\/international-non-gmo-summit-2023-on-may-9-10th-in-frankfurt-germany\\\/#breadcrumb\",\"itemListElement\":[{\"@type\":\"ListItem\",\"position\":1,\"name\":\"Home\",\"item\":\"https:\\\/\\\/www.donausoja.org\\\/sr\\\/\"},{\"@type\":\"ListItem\",\"position\":2,\"name\":\"Me\u0111unarodni BEZ-GMO Samit 2023 odr\u017ea\u0107e se 9 i 10. maja u Frankfurtu, Nema\u010dka\"}]},{\"@type\":\"WebSite\",\"@id\":\"https:\\\/\\\/www.donausoja.org\\\/sr\\\/#website\",\"url\":\"https:\\\/\\\/www.donausoja.org\\\/sr\\\/\",\"name\":\"Donau Soja\",\"description\":\"Together for a European Protein Supply: Regional. Sustainable. Non-GM.\",\"potentialAction\":[{\"@type\":\"SearchAction\",\"target\":{\"@type\":\"EntryPoint\",\"urlTemplate\":\"https:\\\/\\\/www.donausoja.org\\\/sr\\\/?s={search_term_string}\"},\"query-input\":{\"@type\":\"PropertyValueSpecification\",\"valueRequired\":true,\"valueName\":\"search_term_string\"}}],\"inLanguage\":\"sr-RS\"},{\"@type\":\"Person\",\"@id\":\"https:\\\/\\\/www.donausoja.org\\\/sr\\\/#\\\/schema\\\/person\\\/3341ecf7d9153fee6046f28563174e2a\",\"name\":\"Georg Spreitzer\",\"image\":{\"@type\":\"ImageObject\",\"inLanguage\":\"sr-RS\",\"@id\":\"https:\\\/\\\/secure.gravatar.com\\\/avatar\\\/95d7cc50537a6af29ca5e3fddafa375469aafa909f6e4f44e8e51b61278e9dbb?s=96&d=mm&r=g\",\"url\":\"https:\\\/\\\/secure.gravatar.com\\\/avatar\\\/95d7cc50537a6af29ca5e3fddafa375469aafa909f6e4f44e8e51b61278e9dbb?s=96&d=mm&r=g\",\"contentUrl\":\"https:\\\/\\\/secure.gravatar.com\\\/avatar\\\/95d7cc50537a6af29ca5e3fddafa375469aafa909f6e4f44e8e51b61278e9dbb?s=96&d=mm&r=g\",\"caption\":\"Georg Spreitzer\"},\"url\":\"https:\\\/\\\/www.donausoja.org\\\/sr\\\/author\\\/gspreitzer\\\/\"}]}<\/script>\n<!-- \/ Yoast SEO plugin. -->","yoast_head_json":{"title":"Me\u0111unarodni BEZ-GMO Samit 2023 odr\u017ea\u0107e se 9 i 10. maja u Frankfurtu, Nema\u010dka - Donau Soja","description":"Prvi Me\u0111unarodni BEZ-GMO samit odr\u017ea\u0107e se 9. i 10. maja u Frankfurtu,Nema\u010dka. Samit \u0107e okupiti veliki broj u\u010desnika BEZ-GMO lanca vrednosti \u2013 od glavnih dobavlja\u010da sirovina, proizvo\u0111a\u010da hrane i trgovaca na veliko i malo.","robots":{"index":"index","follow":"follow","max-snippet":"max-snippet:-1","max-image-preview":"max-image-preview:large","max-video-preview":"max-video-preview:-1"},"canonical":"https:\/\/www.donausoja.org\/sr\/international-non-gmo-summit-2023-on-may-9-10th-in-frankfurt-germany\/","og_locale":"sr_RS","og_type":"article","og_title":"Me\u0111unarodni BEZ-GMO Samit 2023 odr\u017ea\u0107e se 9 i 10. maja u Frankfurtu, Nema\u010dka - Donau Soja","og_description":"Prvi Me\u0111unarodni BEZ-GMO samit odr\u017ea\u0107e se 9. i 10. maja u Frankfurtu,Nema\u010dka. Samit \u0107e okupiti veliki broj u\u010desnika BEZ-GMO lanca vrednosti \u2013 od glavnih dobavlja\u010da sirovina, proizvo\u0111a\u010da hrane i trgovaca na veliko i malo.","og_url":"https:\/\/www.donausoja.org\/sr\/international-non-gmo-summit-2023-on-may-9-10th-in-frankfurt-germany\/","og_site_name":"Donau Soja","article_published_time":"2023-04-03T12:24:05+00:00","article_modified_time":"2024-06-21T08:23:07+00:00","og_image":[{"width":1400,"height":875,"url":"https:\/\/www.donausoja.org\/wp-content\/uploads\/2023\/04\/non.gmo-croped-posts.jpg","type":"image\/jpeg"}],"author":"Georg Spreitzer","twitter_card":"summary_large_image","twitter_misc":{"\u041d\u0430\u043f\u0438\u0441\u0430\u043d\u043e \u043e\u0434":"Georg Spreitzer","\u041f\u0440\u043e\u0446\u0435\u045a\u0435\u043d\u043e \u0432\u0440\u0435\u043c\u0435 \u0447\u0438\u0442\u0430\u045a\u0430":"2 \u043c\u0438\u043d\u0443\u0442\u0430"},"schema":{"@context":"https:\/\/schema.org","@graph":[{"@type":"Article","@id":"https:\/\/www.donausoja.org\/sr\/international-non-gmo-summit-2023-on-may-9-10th-in-frankfurt-germany\/#article","isPartOf":{"@id":"https:\/\/www.donausoja.org\/sr\/international-non-gmo-summit-2023-on-may-9-10th-in-frankfurt-germany\/"},"author":{"name":"Georg Spreitzer","@id":"https:\/\/www.donausoja.org\/sr\/#\/schema\/person\/3341ecf7d9153fee6046f28563174e2a"},"headline":"Me\u0111unarodni BEZ-GMO Samit 2023 odr\u017ea\u0107e se 9 i 10. maja u Frankfurtu, Nema\u010dka","datePublished":"2023-04-03T12:24:05+00:00","dateModified":"2024-06-21T08:23:07+00:00","mainEntityOfPage":{"@id":"https:\/\/www.donausoja.org\/sr\/international-non-gmo-summit-2023-on-may-9-10th-in-frankfurt-germany\/"},"wordCount":507,"commentCount":0,"image":{"@id":"https:\/\/www.donausoja.org\/sr\/international-non-gmo-summit-2023-on-may-9-10th-in-frankfurt-germany\/#primaryimage"},"thumbnailUrl":"https:\/\/www.donausoja.org\/wp-content\/uploads\/2023\/04\/non.gmo-croped-posts.jpg","articleSection":["Saop\u0161tenje za medije"],"inLanguage":"sr-RS","potentialAction":[{"@type":"CommentAction","name":"Comment","target":["https:\/\/www.donausoja.org\/sr\/international-non-gmo-summit-2023-on-may-9-10th-in-frankfurt-germany\/#respond"]}]},{"@type":"WebPage","@id":"https:\/\/www.donausoja.org\/sr\/international-non-gmo-summit-2023-on-may-9-10th-in-frankfurt-germany\/","url":"https:\/\/www.donausoja.org\/sr\/international-non-gmo-summit-2023-on-may-9-10th-in-frankfurt-germany\/","name":"Me\u0111unarodni BEZ-GMO Samit 2023 odr\u017ea\u0107e se 9 i 10. maja u Frankfurtu, Nema\u010dka - Donau Soja","isPartOf":{"@id":"https:\/\/www.donausoja.org\/sr\/#website"},"primaryImageOfPage":{"@id":"https:\/\/www.donausoja.org\/sr\/international-non-gmo-summit-2023-on-may-9-10th-in-frankfurt-germany\/#primaryimage"},"image":{"@id":"https:\/\/www.donausoja.org\/sr\/international-non-gmo-summit-2023-on-may-9-10th-in-frankfurt-germany\/#primaryimage"},"thumbnailUrl":"https:\/\/www.donausoja.org\/wp-content\/uploads\/2023\/04\/non.gmo-croped-posts.jpg","datePublished":"2023-04-03T12:24:05+00:00","dateModified":"2024-06-21T08:23:07+00:00","author":{"@id":"https:\/\/www.donausoja.org\/sr\/#\/schema\/person\/3341ecf7d9153fee6046f28563174e2a"},"description":"Prvi Me\u0111unarodni BEZ-GMO samit odr\u017ea\u0107e se 9. i 10. maja u Frankfurtu,Nema\u010dka. Samit \u0107e okupiti veliki broj u\u010desnika BEZ-GMO lanca vrednosti \u2013 od glavnih dobavlja\u010da sirovina, proizvo\u0111a\u010da hrane i trgovaca na veliko i malo.","breadcrumb":{"@id":"https:\/\/www.donausoja.org\/sr\/international-non-gmo-summit-2023-on-may-9-10th-in-frankfurt-germany\/#breadcrumb"},"inLanguage":"sr-RS","potentialAction":[{"@type":"ReadAction","target":["https:\/\/www.donausoja.org\/sr\/international-non-gmo-summit-2023-on-may-9-10th-in-frankfurt-germany\/"]}]},{"@type":"ImageObject","inLanguage":"sr-RS","@id":"https:\/\/www.donausoja.org\/sr\/international-non-gmo-summit-2023-on-may-9-10th-in-frankfurt-germany\/#primaryimage","url":"https:\/\/www.donausoja.org\/wp-content\/uploads\/2023\/04\/non.gmo-croped-posts.jpg","contentUrl":"https:\/\/www.donausoja.org\/wp-content\/uploads\/2023\/04\/non.gmo-croped-posts.jpg","width":1400,"height":875},{"@type":"BreadcrumbList","@id":"https:\/\/www.donausoja.org\/sr\/international-non-gmo-summit-2023-on-may-9-10th-in-frankfurt-germany\/#breadcrumb","itemListElement":[{"@type":"ListItem","position":1,"name":"Home","item":"https:\/\/www.donausoja.org\/sr\/"},{"@type":"ListItem","position":2,"name":"Me\u0111unarodni BEZ-GMO Samit 2023 odr\u017ea\u0107e se 9 i 10. maja u Frankfurtu, Nema\u010dka"}]},{"@type":"WebSite","@id":"https:\/\/www.donausoja.org\/sr\/#website","url":"https:\/\/www.donausoja.org\/sr\/","name":"Donau Soja","description":"Together for a European Protein Supply: Regional. Sustainable. Non-GM.","potentialAction":[{"@type":"SearchAction","target":{"@type":"EntryPoint","urlTemplate":"https:\/\/www.donausoja.org\/sr\/?s={search_term_string}"},"query-input":{"@type":"PropertyValueSpecification","valueRequired":true,"valueName":"search_term_string"}}],"inLanguage":"sr-RS"},{"@type":"Person","@id":"https:\/\/www.donausoja.org\/sr\/#\/schema\/person\/3341ecf7d9153fee6046f28563174e2a","name":"Georg Spreitzer","image":{"@type":"ImageObject","inLanguage":"sr-RS","@id":"https:\/\/secure.gravatar.com\/avatar\/95d7cc50537a6af29ca5e3fddafa375469aafa909f6e4f44e8e51b61278e9dbb?s=96&d=mm&r=g","url":"https:\/\/secure.gravatar.com\/avatar\/95d7cc50537a6af29ca5e3fddafa375469aafa909f6e4f44e8e51b61278e9dbb?s=96&d=mm&r=g","contentUrl":"https:\/\/secure.gravatar.com\/avatar\/95d7cc50537a6af29ca5e3fddafa375469aafa909f6e4f44e8e51b61278e9dbb?s=96&d=mm&r=g","caption":"Georg Spreitzer"},"url":"https:\/\/www.donausoja.org\/sr\/author\/gspreitzer\/"}]}},"_links":{"self":[{"href":"https:\/\/www.donausoja.org\/sr\/wp-json\/wp\/v2\/posts\/20652","targetHints":{"allow":["GET"]}}],"collection":[{"href":"https:\/\/www.donausoja.org\/sr\/wp-json\/wp\/v2\/posts"}],"about":[{"href":"https:\/\/www.donausoja.org\/sr\/wp-json\/wp\/v2\/types\/post"}],"author":[{"embeddable":true,"href":"https:\/\/www.donausoja.org\/sr\/wp-json\/wp\/v2\/users\/19"}],"replies":[{"embeddable":true,"href":"https:\/\/www.donausoja.org\/sr\/wp-json\/wp\/v2\/comments?post=20652"}],"version-history":[{"count":3,"href":"https:\/\/www.donausoja.org\/sr\/wp-json\/wp\/v2\/posts\/20652\/revisions"}],"predecessor-version":[{"id":43855,"href":"https:\/\/www.donausoja.org\/sr\/wp-json\/wp\/v2\/posts\/20652\/revisions\/43855"}],"wp:featuredmedia":[{"embeddable":true,"href":"https:\/\/www.donausoja.org\/sr\/wp-json\/wp\/v2\/media\/45342"}],"wp:attachment":[{"href":"https:\/\/www.donausoja.org\/sr\/wp-json\/wp\/v2\/media?parent=20652"}],"wp:term":[{"taxonomy":"category","embeddable":true,"href":"https:\/\/www.donausoja.org\/sr\/wp-json\/wp\/v2\/categories?post=20652"},{"taxonomy":"post_tag","embeddable":true,"href":"https:\/\/www.donausoja.org\/sr\/wp-json\/wp\/v2\/tags?post=20652"}],"curies":[{"name":"wp","href":"https:\/\/api.w.org\/{rel}","templated":true}]}}