
{"id":38245,"date":"2024-02-08T07:47:39","date_gmt":"2024-02-08T07:47:39","guid":{"rendered":"https:\/\/www.donausoja.org\/donau-soja-world-pulses-day-on-10-february-increase-cultivation-in-europe-and-prevent-deforestation-in-south-america\/"},"modified":"2024-02-14T08:47:35","modified_gmt":"2024-02-14T08:47:35","slug":"donau-soja-ziua-mondiala-a-leguminoaselor-pe-10-februarie-cresterea-cultivarii-in-europa-si-prevenirea-defrisarilor-in-america-de-sud","status":"publish","type":"post","link":"https:\/\/www.donausoja.org\/ro\/donau-soja-ziua-mondiala-a-leguminoaselor-pe-10-februarie-cresterea-cultivarii-in-europa-si-prevenirea-defrisarilor-in-america-de-sud\/","title":{"rendered":"Donau Soja: Ziua Mondial\u0103 a Leguminoaselor pe 10 februarie: Cre\u0219terea cultiv\u0103rii \u00een Europa \u0219i prevenirea defri\u0219\u0103rilor \u00een America de Sud"},"content":{"rendered":"<p>Viena. Pentru a marca Ziua Mondial\u0103 a Leguminoaselor, celebrat\u0103 de Organiza\u021bia Na\u021biunilor Unite la 10 februarie, Donau Soja reaminte\u0219te importan\u021ba acestor culturi proteice pentru asigurarea securit\u0103\u021bii alimentare a popula\u021biei europene, \u00eembun\u0103t\u0103\u021birea solurilor \u0219i stoparea defri\u0219\u0103rii ecosistemelor valoroase. \u00cen 2024, motto-ul Organiza\u021biei ONU pentru Alimenta\u021bie \u0219i Agricultur\u0103 (FAO) este &#8220;Leguminoasele hr\u0103nesc solurile \u0219i oamenii&#8221;. Cultivarea leguminoaselor \u00eent\u0103re\u0219te structura solurilor, biodiversitatea microbian\u0103 \u0219i rezilien\u021ba ecosistemelor de sol. Acest lucru \u00eembun\u0103t\u0103\u021be\u0219te ciclul nutrien\u021bilor \u0219i reduce utilizarea \u00eengr\u0103\u0219\u0103mintelor \u0219i a pesticidelor \u00een rota\u021bia culturilor. &#8220;Dac\u0103 cre\u0219tem cultivarea leguminoaselor \u00een Europa, devenim mai rezisten\u021bi la problemele lan\u021bului de aprovizionare, ne \u00eembog\u0103\u021bim solurile \u0219i ne \u00eembun\u0103t\u0103\u021bim s\u0103n\u0103tatea&#8221;, spune pre\u0219edintele Donau Soja, Matthias Kr\u00f6n. Donau Soja a elaborat o strategie privind proteinele pentru a reduce deficitul actual de aprovizionare cu proteine \u00een Europa.<\/p>\n<p><strong>Leguminoasele sunt plante proteice<\/strong><br \/>\nLeguminoasele includ maz\u0103rea, n\u0103utul, boabele de fasole, lintea \u0219i lupinul. Planta proteic\u0103 cu cel mai mare con\u021binut de proteine, de aproximativ 40 %, este soia, care, din punct de vedere botanic, apar\u021bine leguminoaselor, dar este \u0219i o plant\u0103 oleaginoas\u0103. Cu toate acestea, \u0219i alte leguminoase au un con\u021binut ridicat de proteine \u0219i \u00eembun\u0103t\u0103\u021besc rota\u021bia culturilor.<\/p>\n<p><strong>Pentru oameni s\u0103n\u0103to\u0219i \u0219i un mediu s\u0103n\u0103tos<\/strong><br \/>\nCultivarea leguminoaselor nu numai c\u0103 \u00eembun\u0103t\u0103\u021be\u0219te solurile, protejeaz\u0103 p\u0103durile \u0219i clima, dar utilizarea lor sporit\u0103 \u00een buc\u0103t\u0103riile noastre ne ofer\u0103, de asemenea, proteine vegetale mai s\u0103n\u0103toase. Leguminoasele \u00ee\u0219i ob\u021bin \u00eengr\u0103\u0219\u0103m\u00e2ntul din aer cu ajutorul unor bacterii speciale din r\u0103d\u0103cinile plantelor \u0219i, prin urmare, nu au nevoie de \u00eengr\u0103\u0219\u0103minte artificiale. &#8220;Consumul de soia, maz\u0103re \u0219i altele asemenea nu doar ne ofer\u0103 nutrien\u021bi valoro\u0219i pe baz\u0103 de plante \u0219i fibre, ci asigur\u0103 \u0219i un mediu mai s\u0103n\u0103tos&#8221;, spune Kr\u00f6n. Strategia proteic\u0103 Donau Soja pentru Europa urm\u0103re\u0219te cre\u0219terea cultiv\u0103rii leguminoaselor, importurile sustenabile, o mai bun\u0103 utilizare a altor surse de proteine, o mai mare eficien\u021b\u0103 \u00een utilizarea lor \u0219i promovarea unui consum mai ridicat de leguminoase.<\/p>\n<p><strong>Legume Hub \u0219i Legume Generation<\/strong><\/p>\n<p>\u00cempreun\u0103 cu partenerii s\u0103i, Donau Soja gestioneaz\u0103 propria platform\u0103 european\u0103 pentru leguminoase, &#8220;Legume Hub&#8221;. Aceasta con\u021bine cuno\u0219tin\u021be extinse, numeroase articole, rapoarte de experien\u021b\u0103, practici \u0219i sfaturi pentru produc\u021bia de produse proteice pe baz\u0103 de plante de-a lungul \u00eentregului lan\u021b valoric. Pentru a reduce deficitul european de proteine \u0219i pentru a cre\u0219te cultivarea leguminoaselor \u0219i a leguminoaselor, Donau Soja face parte, de asemenea, din consor\u021biul interna\u021bional &#8220;Legume Generation&#8221;, care este sus\u021binut de UE \u0219i de Regatul Unit.<\/p>\n<p><a href=\"https:\/\/www.donausoja.org\/wp-content\/uploads\/2024\/02\/20240208_World-Pulses-Day_EN-2.pdf\" target=\"_blank\" rel=\"noopener\">Desc\u0103rca\u021bi acest comunicat de pres\u0103<\/a><br \/>\n<a href=\"https:\/\/www.donausoja.org\/wp-content\/uploads\/2024\/02\/worldpulsesday_visual_EN_1.jpg\" target=\"_blank\" rel=\"noopener\">Desc\u0103rca\u021bi foto 1 cu text<\/a><br \/>\n<a href=\"https:\/\/www.donausoja.org\/wp-content\/uploads\/2024\/02\/worldpulsesday_visual_EN-1.jpg\" target=\"_blank\" rel=\"noopener\">Desc\u0103rca\u021bi foto 2 cu text<\/a><br \/>\n<a href=\"https:\/\/www.donausoja.org\/wp-content\/uploads\/2024\/02\/beans-pixabay.jpg\" target=\"_blank\" rel=\"noopener\">Desc\u0103rca\u021bi foto leguminoase f\u0103r\u0103 text<\/a><\/p>\n<p>photos (c) pixabay<\/p>\n<p><a href=\"https:\/\/www.donausoja.org\/ro\/organizare\/strategia_de_proteina_donau_soja\/\">Link c\u0103tre Strategia Proteic\u0103 DS<\/a><br \/>\n<a href=\"https:\/\/www.legumehub.eu\/\">Link c\u0103tre Legume Hub<\/a><br \/>\n<a href=\"https:\/\/www.legumegeneration.eu\/\">Link c\u0103tre Legume Generation<\/a><\/p>\n<p><strong>Pentru \u00eentreb\u0103ri, cereri de interviu \u0219i poze:<br \/>\n<\/strong>Franko Petri<br \/>\n\u0218eful departamentului de comunica\u021bii Donau Soja<br \/>\nWiesinger Strasse 6\/14, 1100 Viena\/Austria<br \/>\nTel: +43-664-88961298<br \/>\nEmail: <a href=\"mailto:petri@donausoja.org\">petri@donausoja.org<\/a> or <a href=\"mailto:press@donausoja.org\" target=\"_blank\" rel=\"noopener\">press@donausoja.org\u00a0<\/a><br \/>\nWebsite: <a href=\"http:\/\/www.donausoja.org\">www.donausoja.org<\/a><\/p>\n","protected":false},"excerpt":{"rendered":"<p>Viena. Pentru a marca Ziua Mondial\u0103 a Leguminoaselor, celebrat\u0103 de Organiza\u021bia Na\u021biunilor Unite la 10 februarie, Donau Soja reaminte\u0219te importan\u021ba acestor culturi proteice pentru asigurarea securit\u0103\u021bii alimentare a popula\u021biei europene, \u00eembun\u0103t\u0103\u021birea solurilor \u0219i stoparea defri\u0219\u0103rii ecosistemelor valoroase. \u00cen 2024, motto-ul Organiza\u021biei ONU pentru Alimenta\u021bie \u0219i Agricultur\u0103 (FAO) este &#8220;Leguminoasele hr\u0103nesc solurile \u0219i oamenii&#8221;. Cultivarea leguminoaselor [&hellip;]<\/p>\n","protected":false},"author":1,"featured_media":37467,"comment_status":"closed","ping_status":"closed","sticky":false,"template":"","format":"standard","meta":{"_et_pb_use_builder":"","_et_pb_old_content":"","_et_gb_content_width":"","footnotes":""},"categories":[488],"tags":[],"class_list":["post-38245","post","type-post","status-publish","format-standard","has-post-thumbnail","hentry","category-all-press-releases-ro"],"yoast_head":"<!-- This site is optimized with the Yoast SEO plugin v27.4 - https:\/\/yoast.com\/product\/yoast-seo-wordpress\/ -->\n<title>Donau Soja: Ziua Mondial\u0103 a Leguminoaselor pe 10 februarie: Cre\u0219terea cultiv\u0103rii \u00een Europa \u0219i prevenirea defri\u0219\u0103rilor \u00een America de Sud - Donau Soja<\/title>\n<meta name=\"description\" content=\"Pentru a marca Ziua Mondial\u0103 a Leguminoaselor, celebrat\u0103 de Organiza\u021bia Na\u021biunilor Unite la 10 februarie, Donau Soja reaminte\u0219te importan\u021ba acestor culturi proteice pentru asigurarea securit\u0103\u021bii alimentare a popula\u021biei europene, \u00eembun\u0103t\u0103\u021birea solurilor \u0219i stoparea defri\u0219\u0103rii ecosistemelor valoroase. \u00cen 2024, motto-ul Organiza\u021biei ONU pentru Alimenta\u021bie \u0219i Agricultur\u0103 (FAO) este &quot;Leguminoasele hr\u0103nesc solurile \u0219i oamenii&quot;. Cultivarea leguminoaselor \u00eent\u0103re\u0219te structura solurilor, biodiversitatea microbian\u0103 \u0219i rezilien\u021ba ecosistemelor de sol. Acest lucru \u00eembun\u0103t\u0103\u021be\u0219te ciclul nutrien\u021bilor \u0219i reduce utilizarea \u00eengr\u0103\u0219\u0103mintelor \u0219i a pesticidelor \u00een rota\u021bia culturilor. &quot;Dac\u0103 cre\u0219tem cultivarea leguminoaselor \u00een Europa, devenim mai rezisten\u021bi la problemele lan\u021bului de aprovizionare, ne \u00eembog\u0103\u021bim solurile \u0219i ne \u00eembun\u0103t\u0103\u021bim s\u0103n\u0103tatea&quot;, spune pre\u0219edintele Donau Soja, Matthias Kr\u00f6n. Donau Soja a elaborat o strategie privind proteinele pentru a reduce deficitul actual de aprovizionare cu proteine \u00een Europa.\" \/>\n<meta name=\"robots\" content=\"index, follow, max-snippet:-1, max-image-preview:large, max-video-preview:-1\" \/>\n<link rel=\"canonical\" href=\"https:\/\/www.donausoja.org\/ro\/donau-soja-ziua-mondiala-a-leguminoaselor-pe-10-februarie-cresterea-cultivarii-in-europa-si-prevenirea-defrisarilor-in-america-de-sud\/\" \/>\n<meta property=\"og:locale\" content=\"ro_RO\" \/>\n<meta property=\"og:type\" content=\"article\" \/>\n<meta property=\"og:title\" content=\"Donau Soja: Ziua Mondial\u0103 a Leguminoaselor pe 10 februarie: Cre\u0219terea cultiv\u0103rii \u00een Europa \u0219i prevenirea defri\u0219\u0103rilor \u00een America de Sud - Donau Soja\" \/>\n<meta property=\"og:description\" content=\"Pentru a marca Ziua Mondial\u0103 a Leguminoaselor, celebrat\u0103 de Organiza\u021bia Na\u021biunilor Unite la 10 februarie, Donau Soja reaminte\u0219te importan\u021ba acestor culturi proteice pentru asigurarea securit\u0103\u021bii alimentare a popula\u021biei europene, \u00eembun\u0103t\u0103\u021birea solurilor \u0219i stoparea defri\u0219\u0103rii ecosistemelor valoroase. \u00cen 2024, motto-ul Organiza\u021biei ONU pentru Alimenta\u021bie \u0219i Agricultur\u0103 (FAO) este &quot;Leguminoasele hr\u0103nesc solurile \u0219i oamenii&quot;. Cultivarea leguminoaselor \u00eent\u0103re\u0219te structura solurilor, biodiversitatea microbian\u0103 \u0219i rezilien\u021ba ecosistemelor de sol. Acest lucru \u00eembun\u0103t\u0103\u021be\u0219te ciclul nutrien\u021bilor \u0219i reduce utilizarea \u00eengr\u0103\u0219\u0103mintelor \u0219i a pesticidelor \u00een rota\u021bia culturilor. &quot;Dac\u0103 cre\u0219tem cultivarea leguminoaselor \u00een Europa, devenim mai rezisten\u021bi la problemele lan\u021bului de aprovizionare, ne \u00eembog\u0103\u021bim solurile \u0219i ne \u00eembun\u0103t\u0103\u021bim s\u0103n\u0103tatea&quot;, spune pre\u0219edintele Donau Soja, Matthias Kr\u00f6n. Donau Soja a elaborat o strategie privind proteinele pentru a reduce deficitul actual de aprovizionare cu proteine \u00een Europa.\" \/>\n<meta property=\"og:url\" content=\"https:\/\/www.donausoja.org\/ro\/donau-soja-ziua-mondiala-a-leguminoaselor-pe-10-februarie-cresterea-cultivarii-in-europa-si-prevenirea-defrisarilor-in-america-de-sud\/\" \/>\n<meta property=\"og:site_name\" content=\"Donau Soja\" \/>\n<meta property=\"article:published_time\" content=\"2024-02-08T07:47:39+00:00\" \/>\n<meta property=\"article:modified_time\" content=\"2024-02-14T08:47:35+00:00\" \/>\n<meta property=\"og:image\" content=\"https:\/\/www.donausoja.org\/wp-content\/uploads\/2024\/02\/beans-pixabay_pulses-e1707377804686.jpg\" \/>\n\t<meta property=\"og:image:width\" content=\"1280\" \/>\n\t<meta property=\"og:image:height\" content=\"960\" \/>\n\t<meta property=\"og:image:type\" content=\"image\/jpeg\" \/>\n<meta name=\"author\" content=\"admin\" \/>\n<meta name=\"twitter:card\" content=\"summary_large_image\" \/>\n<meta name=\"twitter:label1\" content=\"Scris de\" \/>\n\t<meta name=\"twitter:data1\" content=\"admin\" \/>\n\t<meta name=\"twitter:label2\" content=\"Timp estimat pentru citire\" \/>\n\t<meta name=\"twitter:data2\" content=\"2 minute\" \/>\n<script type=\"application\/ld+json\" class=\"yoast-schema-graph\">{\"@context\":\"https:\\\/\\\/schema.org\",\"@graph\":[{\"@type\":\"Article\",\"@id\":\"https:\\\/\\\/www.donausoja.org\\\/ro\\\/donau-soja-ziua-mondiala-a-leguminoaselor-pe-10-februarie-cresterea-cultivarii-in-europa-si-prevenirea-defrisarilor-in-america-de-sud\\\/#article\",\"isPartOf\":{\"@id\":\"https:\\\/\\\/www.donausoja.org\\\/ro\\\/donau-soja-ziua-mondiala-a-leguminoaselor-pe-10-februarie-cresterea-cultivarii-in-europa-si-prevenirea-defrisarilor-in-america-de-sud\\\/\"},\"author\":{\"name\":\"admin\",\"@id\":\"https:\\\/\\\/www.donausoja.org\\\/ro\\\/#\\\/schema\\\/person\\\/fe96d1dbdcfda32009766b63d3558ee0\"},\"headline\":\"Donau Soja: Ziua Mondial\u0103 a Leguminoaselor pe 10 februarie: Cre\u0219terea cultiv\u0103rii \u00een Europa \u0219i prevenirea defri\u0219\u0103rilor \u00een America de Sud\",\"datePublished\":\"2024-02-08T07:47:39+00:00\",\"dateModified\":\"2024-02-14T08:47:35+00:00\",\"mainEntityOfPage\":{\"@id\":\"https:\\\/\\\/www.donausoja.org\\\/ro\\\/donau-soja-ziua-mondiala-a-leguminoaselor-pe-10-februarie-cresterea-cultivarii-in-europa-si-prevenirea-defrisarilor-in-america-de-sud\\\/\"},\"wordCount\":563,\"image\":{\"@id\":\"https:\\\/\\\/www.donausoja.org\\\/ro\\\/donau-soja-ziua-mondiala-a-leguminoaselor-pe-10-februarie-cresterea-cultivarii-in-europa-si-prevenirea-defrisarilor-in-america-de-sud\\\/#primaryimage\"},\"thumbnailUrl\":\"https:\\\/\\\/www.donausoja.org\\\/wp-content\\\/uploads\\\/2024\\\/02\\\/beans-pixabay_pulses-e1707377804686.jpg\",\"articleSection\":[\"Comunicat de pres\u0103\"],\"inLanguage\":\"ro-RO\"},{\"@type\":\"WebPage\",\"@id\":\"https:\\\/\\\/www.donausoja.org\\\/ro\\\/donau-soja-ziua-mondiala-a-leguminoaselor-pe-10-februarie-cresterea-cultivarii-in-europa-si-prevenirea-defrisarilor-in-america-de-sud\\\/\",\"url\":\"https:\\\/\\\/www.donausoja.org\\\/ro\\\/donau-soja-ziua-mondiala-a-leguminoaselor-pe-10-februarie-cresterea-cultivarii-in-europa-si-prevenirea-defrisarilor-in-america-de-sud\\\/\",\"name\":\"Donau Soja: Ziua Mondial\u0103 a Leguminoaselor pe 10 februarie: Cre\u0219terea cultiv\u0103rii \u00een Europa \u0219i prevenirea defri\u0219\u0103rilor \u00een America de Sud - Donau Soja\",\"isPartOf\":{\"@id\":\"https:\\\/\\\/www.donausoja.org\\\/ro\\\/#website\"},\"primaryImageOfPage\":{\"@id\":\"https:\\\/\\\/www.donausoja.org\\\/ro\\\/donau-soja-ziua-mondiala-a-leguminoaselor-pe-10-februarie-cresterea-cultivarii-in-europa-si-prevenirea-defrisarilor-in-america-de-sud\\\/#primaryimage\"},\"image\":{\"@id\":\"https:\\\/\\\/www.donausoja.org\\\/ro\\\/donau-soja-ziua-mondiala-a-leguminoaselor-pe-10-februarie-cresterea-cultivarii-in-europa-si-prevenirea-defrisarilor-in-america-de-sud\\\/#primaryimage\"},\"thumbnailUrl\":\"https:\\\/\\\/www.donausoja.org\\\/wp-content\\\/uploads\\\/2024\\\/02\\\/beans-pixabay_pulses-e1707377804686.jpg\",\"datePublished\":\"2024-02-08T07:47:39+00:00\",\"dateModified\":\"2024-02-14T08:47:35+00:00\",\"author\":{\"@id\":\"https:\\\/\\\/www.donausoja.org\\\/ro\\\/#\\\/schema\\\/person\\\/fe96d1dbdcfda32009766b63d3558ee0\"},\"description\":\"Pentru a marca Ziua Mondial\u0103 a Leguminoaselor, celebrat\u0103 de Organiza\u021bia Na\u021biunilor Unite la 10 februarie, Donau Soja reaminte\u0219te importan\u021ba acestor culturi proteice pentru asigurarea securit\u0103\u021bii alimentare a popula\u021biei europene, \u00eembun\u0103t\u0103\u021birea solurilor \u0219i stoparea defri\u0219\u0103rii ecosistemelor valoroase. \u00cen 2024, motto-ul Organiza\u021biei ONU pentru Alimenta\u021bie \u0219i Agricultur\u0103 (FAO) este \\\"Leguminoasele hr\u0103nesc solurile \u0219i oamenii\\\". Cultivarea leguminoaselor \u00eent\u0103re\u0219te structura solurilor, biodiversitatea microbian\u0103 \u0219i rezilien\u021ba ecosistemelor de sol. Acest lucru \u00eembun\u0103t\u0103\u021be\u0219te ciclul nutrien\u021bilor \u0219i reduce utilizarea \u00eengr\u0103\u0219\u0103mintelor \u0219i a pesticidelor \u00een rota\u021bia culturilor. \\\"Dac\u0103 cre\u0219tem cultivarea leguminoaselor \u00een Europa, devenim mai rezisten\u021bi la problemele lan\u021bului de aprovizionare, ne \u00eembog\u0103\u021bim solurile \u0219i ne \u00eembun\u0103t\u0103\u021bim s\u0103n\u0103tatea\\\", spune pre\u0219edintele Donau Soja, Matthias Kr\u00f6n. Donau Soja a elaborat o strategie privind proteinele pentru a reduce deficitul actual de aprovizionare cu proteine \u00een Europa.\",\"breadcrumb\":{\"@id\":\"https:\\\/\\\/www.donausoja.org\\\/ro\\\/donau-soja-ziua-mondiala-a-leguminoaselor-pe-10-februarie-cresterea-cultivarii-in-europa-si-prevenirea-defrisarilor-in-america-de-sud\\\/#breadcrumb\"},\"inLanguage\":\"ro-RO\",\"potentialAction\":[{\"@type\":\"ReadAction\",\"target\":[\"https:\\\/\\\/www.donausoja.org\\\/ro\\\/donau-soja-ziua-mondiala-a-leguminoaselor-pe-10-februarie-cresterea-cultivarii-in-europa-si-prevenirea-defrisarilor-in-america-de-sud\\\/\"]}]},{\"@type\":\"ImageObject\",\"inLanguage\":\"ro-RO\",\"@id\":\"https:\\\/\\\/www.donausoja.org\\\/ro\\\/donau-soja-ziua-mondiala-a-leguminoaselor-pe-10-februarie-cresterea-cultivarii-in-europa-si-prevenirea-defrisarilor-in-america-de-sud\\\/#primaryimage\",\"url\":\"https:\\\/\\\/www.donausoja.org\\\/wp-content\\\/uploads\\\/2024\\\/02\\\/beans-pixabay_pulses-e1707377804686.jpg\",\"contentUrl\":\"https:\\\/\\\/www.donausoja.org\\\/wp-content\\\/uploads\\\/2024\\\/02\\\/beans-pixabay_pulses-e1707377804686.jpg\",\"width\":1280,\"height\":960,\"caption\":\"(c) pixabay\"},{\"@type\":\"BreadcrumbList\",\"@id\":\"https:\\\/\\\/www.donausoja.org\\\/ro\\\/donau-soja-ziua-mondiala-a-leguminoaselor-pe-10-februarie-cresterea-cultivarii-in-europa-si-prevenirea-defrisarilor-in-america-de-sud\\\/#breadcrumb\",\"itemListElement\":[{\"@type\":\"ListItem\",\"position\":1,\"name\":\"Home\",\"item\":\"https:\\\/\\\/www.donausoja.org\\\/ro\\\/\"},{\"@type\":\"ListItem\",\"position\":2,\"name\":\"Donau Soja: Ziua Mondial\u0103 a Leguminoaselor pe 10 februarie: Cre\u0219terea cultiv\u0103rii \u00een Europa \u0219i prevenirea defri\u0219\u0103rilor \u00een America de Sud\"}]},{\"@type\":\"WebSite\",\"@id\":\"https:\\\/\\\/www.donausoja.org\\\/ro\\\/#website\",\"url\":\"https:\\\/\\\/www.donausoja.org\\\/ro\\\/\",\"name\":\"Donau Soja\",\"description\":\"Together for a European Protein Supply: Regional. Sustainable. Non-GM.\",\"potentialAction\":[{\"@type\":\"SearchAction\",\"target\":{\"@type\":\"EntryPoint\",\"urlTemplate\":\"https:\\\/\\\/www.donausoja.org\\\/ro\\\/?s={search_term_string}\"},\"query-input\":{\"@type\":\"PropertyValueSpecification\",\"valueRequired\":true,\"valueName\":\"search_term_string\"}}],\"inLanguage\":\"ro-RO\"},{\"@type\":\"Person\",\"@id\":\"https:\\\/\\\/www.donausoja.org\\\/ro\\\/#\\\/schema\\\/person\\\/fe96d1dbdcfda32009766b63d3558ee0\",\"name\":\"admin\",\"image\":{\"@type\":\"ImageObject\",\"inLanguage\":\"ro-RO\",\"@id\":\"https:\\\/\\\/secure.gravatar.com\\\/avatar\\\/63c60b85501fc4e8657f8e478de9ca5141ecedbd3d15595bb66cc9c8c608284d?s=96&d=mm&r=g\",\"url\":\"https:\\\/\\\/secure.gravatar.com\\\/avatar\\\/63c60b85501fc4e8657f8e478de9ca5141ecedbd3d15595bb66cc9c8c608284d?s=96&d=mm&r=g\",\"contentUrl\":\"https:\\\/\\\/secure.gravatar.com\\\/avatar\\\/63c60b85501fc4e8657f8e478de9ca5141ecedbd3d15595bb66cc9c8c608284d?s=96&d=mm&r=g\",\"caption\":\"admin\"},\"sameAs\":[\"https:\\\/\\\/fourth.donausoja.org\"],\"url\":\"https:\\\/\\\/www.donausoja.org\\\/ro\\\/author\\\/admin\\\/\"}]}<\/script>\n<!-- \/ Yoast SEO plugin. -->","yoast_head_json":{"title":"Donau Soja: Ziua Mondial\u0103 a Leguminoaselor pe 10 februarie: Cre\u0219terea cultiv\u0103rii \u00een Europa \u0219i prevenirea defri\u0219\u0103rilor \u00een America de Sud - Donau Soja","description":"Pentru a marca Ziua Mondial\u0103 a Leguminoaselor, celebrat\u0103 de Organiza\u021bia Na\u021biunilor Unite la 10 februarie, Donau Soja reaminte\u0219te importan\u021ba acestor culturi proteice pentru asigurarea securit\u0103\u021bii alimentare a popula\u021biei europene, \u00eembun\u0103t\u0103\u021birea solurilor \u0219i stoparea defri\u0219\u0103rii ecosistemelor valoroase. \u00cen 2024, motto-ul Organiza\u021biei ONU pentru Alimenta\u021bie \u0219i Agricultur\u0103 (FAO) este \"Leguminoasele hr\u0103nesc solurile \u0219i oamenii\". Cultivarea leguminoaselor \u00eent\u0103re\u0219te structura solurilor, biodiversitatea microbian\u0103 \u0219i rezilien\u021ba ecosistemelor de sol. Acest lucru \u00eembun\u0103t\u0103\u021be\u0219te ciclul nutrien\u021bilor \u0219i reduce utilizarea \u00eengr\u0103\u0219\u0103mintelor \u0219i a pesticidelor \u00een rota\u021bia culturilor. \"Dac\u0103 cre\u0219tem cultivarea leguminoaselor \u00een Europa, devenim mai rezisten\u021bi la problemele lan\u021bului de aprovizionare, ne \u00eembog\u0103\u021bim solurile \u0219i ne \u00eembun\u0103t\u0103\u021bim s\u0103n\u0103tatea\", spune pre\u0219edintele Donau Soja, Matthias Kr\u00f6n. Donau Soja a elaborat o strategie privind proteinele pentru a reduce deficitul actual de aprovizionare cu proteine \u00een Europa.","robots":{"index":"index","follow":"follow","max-snippet":"max-snippet:-1","max-image-preview":"max-image-preview:large","max-video-preview":"max-video-preview:-1"},"canonical":"https:\/\/www.donausoja.org\/ro\/donau-soja-ziua-mondiala-a-leguminoaselor-pe-10-februarie-cresterea-cultivarii-in-europa-si-prevenirea-defrisarilor-in-america-de-sud\/","og_locale":"ro_RO","og_type":"article","og_title":"Donau Soja: Ziua Mondial\u0103 a Leguminoaselor pe 10 februarie: Cre\u0219terea cultiv\u0103rii \u00een Europa \u0219i prevenirea defri\u0219\u0103rilor \u00een America de Sud - Donau Soja","og_description":"Pentru a marca Ziua Mondial\u0103 a Leguminoaselor, celebrat\u0103 de Organiza\u021bia Na\u021biunilor Unite la 10 februarie, Donau Soja reaminte\u0219te importan\u021ba acestor culturi proteice pentru asigurarea securit\u0103\u021bii alimentare a popula\u021biei europene, \u00eembun\u0103t\u0103\u021birea solurilor \u0219i stoparea defri\u0219\u0103rii ecosistemelor valoroase. \u00cen 2024, motto-ul Organiza\u021biei ONU pentru Alimenta\u021bie \u0219i Agricultur\u0103 (FAO) este \"Leguminoasele hr\u0103nesc solurile \u0219i oamenii\". Cultivarea leguminoaselor \u00eent\u0103re\u0219te structura solurilor, biodiversitatea microbian\u0103 \u0219i rezilien\u021ba ecosistemelor de sol. Acest lucru \u00eembun\u0103t\u0103\u021be\u0219te ciclul nutrien\u021bilor \u0219i reduce utilizarea \u00eengr\u0103\u0219\u0103mintelor \u0219i a pesticidelor \u00een rota\u021bia culturilor. \"Dac\u0103 cre\u0219tem cultivarea leguminoaselor \u00een Europa, devenim mai rezisten\u021bi la problemele lan\u021bului de aprovizionare, ne \u00eembog\u0103\u021bim solurile \u0219i ne \u00eembun\u0103t\u0103\u021bim s\u0103n\u0103tatea\", spune pre\u0219edintele Donau Soja, Matthias Kr\u00f6n. Donau Soja a elaborat o strategie privind proteinele pentru a reduce deficitul actual de aprovizionare cu proteine \u00een Europa.","og_url":"https:\/\/www.donausoja.org\/ro\/donau-soja-ziua-mondiala-a-leguminoaselor-pe-10-februarie-cresterea-cultivarii-in-europa-si-prevenirea-defrisarilor-in-america-de-sud\/","og_site_name":"Donau Soja","article_published_time":"2024-02-08T07:47:39+00:00","article_modified_time":"2024-02-14T08:47:35+00:00","og_image":[{"width":1280,"height":960,"url":"https:\/\/www.donausoja.org\/wp-content\/uploads\/2024\/02\/beans-pixabay_pulses-e1707377804686.jpg","type":"image\/jpeg"}],"author":"admin","twitter_card":"summary_large_image","twitter_misc":{"Scris de":"admin","Timp estimat pentru citire":"2 minute"},"schema":{"@context":"https:\/\/schema.org","@graph":[{"@type":"Article","@id":"https:\/\/www.donausoja.org\/ro\/donau-soja-ziua-mondiala-a-leguminoaselor-pe-10-februarie-cresterea-cultivarii-in-europa-si-prevenirea-defrisarilor-in-america-de-sud\/#article","isPartOf":{"@id":"https:\/\/www.donausoja.org\/ro\/donau-soja-ziua-mondiala-a-leguminoaselor-pe-10-februarie-cresterea-cultivarii-in-europa-si-prevenirea-defrisarilor-in-america-de-sud\/"},"author":{"name":"admin","@id":"https:\/\/www.donausoja.org\/ro\/#\/schema\/person\/fe96d1dbdcfda32009766b63d3558ee0"},"headline":"Donau Soja: Ziua Mondial\u0103 a Leguminoaselor pe 10 februarie: Cre\u0219terea cultiv\u0103rii \u00een Europa \u0219i prevenirea defri\u0219\u0103rilor \u00een America de Sud","datePublished":"2024-02-08T07:47:39+00:00","dateModified":"2024-02-14T08:47:35+00:00","mainEntityOfPage":{"@id":"https:\/\/www.donausoja.org\/ro\/donau-soja-ziua-mondiala-a-leguminoaselor-pe-10-februarie-cresterea-cultivarii-in-europa-si-prevenirea-defrisarilor-in-america-de-sud\/"},"wordCount":563,"image":{"@id":"https:\/\/www.donausoja.org\/ro\/donau-soja-ziua-mondiala-a-leguminoaselor-pe-10-februarie-cresterea-cultivarii-in-europa-si-prevenirea-defrisarilor-in-america-de-sud\/#primaryimage"},"thumbnailUrl":"https:\/\/www.donausoja.org\/wp-content\/uploads\/2024\/02\/beans-pixabay_pulses-e1707377804686.jpg","articleSection":["Comunicat de pres\u0103"],"inLanguage":"ro-RO"},{"@type":"WebPage","@id":"https:\/\/www.donausoja.org\/ro\/donau-soja-ziua-mondiala-a-leguminoaselor-pe-10-februarie-cresterea-cultivarii-in-europa-si-prevenirea-defrisarilor-in-america-de-sud\/","url":"https:\/\/www.donausoja.org\/ro\/donau-soja-ziua-mondiala-a-leguminoaselor-pe-10-februarie-cresterea-cultivarii-in-europa-si-prevenirea-defrisarilor-in-america-de-sud\/","name":"Donau Soja: Ziua Mondial\u0103 a Leguminoaselor pe 10 februarie: Cre\u0219terea cultiv\u0103rii \u00een Europa \u0219i prevenirea defri\u0219\u0103rilor \u00een America de Sud - Donau Soja","isPartOf":{"@id":"https:\/\/www.donausoja.org\/ro\/#website"},"primaryImageOfPage":{"@id":"https:\/\/www.donausoja.org\/ro\/donau-soja-ziua-mondiala-a-leguminoaselor-pe-10-februarie-cresterea-cultivarii-in-europa-si-prevenirea-defrisarilor-in-america-de-sud\/#primaryimage"},"image":{"@id":"https:\/\/www.donausoja.org\/ro\/donau-soja-ziua-mondiala-a-leguminoaselor-pe-10-februarie-cresterea-cultivarii-in-europa-si-prevenirea-defrisarilor-in-america-de-sud\/#primaryimage"},"thumbnailUrl":"https:\/\/www.donausoja.org\/wp-content\/uploads\/2024\/02\/beans-pixabay_pulses-e1707377804686.jpg","datePublished":"2024-02-08T07:47:39+00:00","dateModified":"2024-02-14T08:47:35+00:00","author":{"@id":"https:\/\/www.donausoja.org\/ro\/#\/schema\/person\/fe96d1dbdcfda32009766b63d3558ee0"},"description":"Pentru a marca Ziua Mondial\u0103 a Leguminoaselor, celebrat\u0103 de Organiza\u021bia Na\u021biunilor Unite la 10 februarie, Donau Soja reaminte\u0219te importan\u021ba acestor culturi proteice pentru asigurarea securit\u0103\u021bii alimentare a popula\u021biei europene, \u00eembun\u0103t\u0103\u021birea solurilor \u0219i stoparea defri\u0219\u0103rii ecosistemelor valoroase. \u00cen 2024, motto-ul Organiza\u021biei ONU pentru Alimenta\u021bie \u0219i Agricultur\u0103 (FAO) este \"Leguminoasele hr\u0103nesc solurile \u0219i oamenii\". Cultivarea leguminoaselor \u00eent\u0103re\u0219te structura solurilor, biodiversitatea microbian\u0103 \u0219i rezilien\u021ba ecosistemelor de sol. Acest lucru \u00eembun\u0103t\u0103\u021be\u0219te ciclul nutrien\u021bilor \u0219i reduce utilizarea \u00eengr\u0103\u0219\u0103mintelor \u0219i a pesticidelor \u00een rota\u021bia culturilor. \"Dac\u0103 cre\u0219tem cultivarea leguminoaselor \u00een Europa, devenim mai rezisten\u021bi la problemele lan\u021bului de aprovizionare, ne \u00eembog\u0103\u021bim solurile \u0219i ne \u00eembun\u0103t\u0103\u021bim s\u0103n\u0103tatea\", spune pre\u0219edintele Donau Soja, Matthias Kr\u00f6n. Donau Soja a elaborat o strategie privind proteinele pentru a reduce deficitul actual de aprovizionare cu proteine \u00een Europa.","breadcrumb":{"@id":"https:\/\/www.donausoja.org\/ro\/donau-soja-ziua-mondiala-a-leguminoaselor-pe-10-februarie-cresterea-cultivarii-in-europa-si-prevenirea-defrisarilor-in-america-de-sud\/#breadcrumb"},"inLanguage":"ro-RO","potentialAction":[{"@type":"ReadAction","target":["https:\/\/www.donausoja.org\/ro\/donau-soja-ziua-mondiala-a-leguminoaselor-pe-10-februarie-cresterea-cultivarii-in-europa-si-prevenirea-defrisarilor-in-america-de-sud\/"]}]},{"@type":"ImageObject","inLanguage":"ro-RO","@id":"https:\/\/www.donausoja.org\/ro\/donau-soja-ziua-mondiala-a-leguminoaselor-pe-10-februarie-cresterea-cultivarii-in-europa-si-prevenirea-defrisarilor-in-america-de-sud\/#primaryimage","url":"https:\/\/www.donausoja.org\/wp-content\/uploads\/2024\/02\/beans-pixabay_pulses-e1707377804686.jpg","contentUrl":"https:\/\/www.donausoja.org\/wp-content\/uploads\/2024\/02\/beans-pixabay_pulses-e1707377804686.jpg","width":1280,"height":960,"caption":"(c) pixabay"},{"@type":"BreadcrumbList","@id":"https:\/\/www.donausoja.org\/ro\/donau-soja-ziua-mondiala-a-leguminoaselor-pe-10-februarie-cresterea-cultivarii-in-europa-si-prevenirea-defrisarilor-in-america-de-sud\/#breadcrumb","itemListElement":[{"@type":"ListItem","position":1,"name":"Home","item":"https:\/\/www.donausoja.org\/ro\/"},{"@type":"ListItem","position":2,"name":"Donau Soja: Ziua Mondial\u0103 a Leguminoaselor pe 10 februarie: Cre\u0219terea cultiv\u0103rii \u00een Europa \u0219i prevenirea defri\u0219\u0103rilor \u00een America de Sud"}]},{"@type":"WebSite","@id":"https:\/\/www.donausoja.org\/ro\/#website","url":"https:\/\/www.donausoja.org\/ro\/","name":"Donau Soja","description":"Together for a European Protein Supply: Regional. Sustainable. Non-GM.","potentialAction":[{"@type":"SearchAction","target":{"@type":"EntryPoint","urlTemplate":"https:\/\/www.donausoja.org\/ro\/?s={search_term_string}"},"query-input":{"@type":"PropertyValueSpecification","valueRequired":true,"valueName":"search_term_string"}}],"inLanguage":"ro-RO"},{"@type":"Person","@id":"https:\/\/www.donausoja.org\/ro\/#\/schema\/person\/fe96d1dbdcfda32009766b63d3558ee0","name":"admin","image":{"@type":"ImageObject","inLanguage":"ro-RO","@id":"https:\/\/secure.gravatar.com\/avatar\/63c60b85501fc4e8657f8e478de9ca5141ecedbd3d15595bb66cc9c8c608284d?s=96&d=mm&r=g","url":"https:\/\/secure.gravatar.com\/avatar\/63c60b85501fc4e8657f8e478de9ca5141ecedbd3d15595bb66cc9c8c608284d?s=96&d=mm&r=g","contentUrl":"https:\/\/secure.gravatar.com\/avatar\/63c60b85501fc4e8657f8e478de9ca5141ecedbd3d15595bb66cc9c8c608284d?s=96&d=mm&r=g","caption":"admin"},"sameAs":["https:\/\/fourth.donausoja.org"],"url":"https:\/\/www.donausoja.org\/ro\/author\/admin\/"}]}},"_links":{"self":[{"href":"https:\/\/www.donausoja.org\/ro\/wp-json\/wp\/v2\/posts\/38245","targetHints":{"allow":["GET"]}}],"collection":[{"href":"https:\/\/www.donausoja.org\/ro\/wp-json\/wp\/v2\/posts"}],"about":[{"href":"https:\/\/www.donausoja.org\/ro\/wp-json\/wp\/v2\/types\/post"}],"author":[{"embeddable":true,"href":"https:\/\/www.donausoja.org\/ro\/wp-json\/wp\/v2\/users\/1"}],"replies":[{"embeddable":true,"href":"https:\/\/www.donausoja.org\/ro\/wp-json\/wp\/v2\/comments?post=38245"}],"version-history":[{"count":2,"href":"https:\/\/www.donausoja.org\/ro\/wp-json\/wp\/v2\/posts\/38245\/revisions"}],"predecessor-version":[{"id":38248,"href":"https:\/\/www.donausoja.org\/ro\/wp-json\/wp\/v2\/posts\/38245\/revisions\/38248"}],"wp:featuredmedia":[{"embeddable":true,"href":"https:\/\/www.donausoja.org\/ro\/wp-json\/wp\/v2\/media\/37467"}],"wp:attachment":[{"href":"https:\/\/www.donausoja.org\/ro\/wp-json\/wp\/v2\/media?parent=38245"}],"wp:term":[{"taxonomy":"category","embeddable":true,"href":"https:\/\/www.donausoja.org\/ro\/wp-json\/wp\/v2\/categories?post=38245"},{"taxonomy":"post_tag","embeddable":true,"href":"https:\/\/www.donausoja.org\/ro\/wp-json\/wp\/v2\/tags?post=38245"}],"curies":[{"name":"wp","href":"https:\/\/api.w.org\/{rel}","templated":true}]}}