
{"id":24563,"date":"2023-02-08T07:35:20","date_gmt":"2023-02-08T07:35:20","guid":{"rendered":"https:\/\/www.donausoja.org\/world-pulses-day-on-10-february-donau-soja-demands-a-european-protein-transition\/"},"modified":"2024-03-06T06:51:52","modified_gmt":"2024-03-06T06:51:52","slug":"world-pulses-day-on-10-february-donau-soja-demands-a-european-protein-transition","status":"publish","type":"post","link":"https:\/\/www.donausoja.org\/ro\/world-pulses-day-on-10-february-donau-soja-demands-a-european-protein-transition\/","title":{"rendered":"Ziua mondial\u0103 a leguminoaselor, pe 10 februarie: Donau Soja solicit\u0103 o tranzi\u021bie proteic\u0103 european\u0103"},"content":{"rendered":"<p><strong>Legume Hub: Platforma european\u0103 de cuno\u0219tin\u021be despre leguminoase nu numai pentru fermieri<\/strong><\/p>\n<p>Viena\/Berlin\/Berna &#8211; Cu ocazia Zilei Mondiale a Leguminoaselor care va avea loc vineri, 10 februarie, organiza\u021bia Donau Soja reaminte\u0219te c\u0103 \u00een Europa este nevoie urgent\u0103 de tranzi\u021bie proteic\u0103. \u00cen prezent, leguminoasele, cum ar fi soia, maz\u0103rea, fasolea, lintea \u0219i alte leguminoase asem\u0103n\u0103toare, reprezint\u0103 doar 2 p\u00e2n\u0103 la 3 % din totalul terenurilor arabile din UE. \u00cen 2023, \u00eenc\u0103 mai exist\u0103 un deficit de 34 de milioane de tone de soia, iar aceasta trebuie s\u0103 fie importate din str\u0103in\u0103tate, unde cultivarea ei &#8211; \u00een special pentru hrana animalelor &#8211; distruge p\u0103duri valoroase \u0219i alte zone naturale. &#8220;Nu numai c\u0103 promov\u0103m expansiunea sustenabil\u0103 a soiei \u0219i a altor leguminoase \u00een Europa, dar Donau Soja este, de asemenea, for\u021ba motrice a tranzi\u021biei europene \u00een domeniul proteinelor, prin strategia Donau Soja Protein Strategy for Europe, pentru a reduce \u00een mod semnificativ deficitul actual de proteine&#8221;, spune Matthias Kr\u00f6n, pre\u0219edintele Donau Soja. Nu mai este vorba doar de soia, ci \u0219i de integrarea leguminoaselor \u0219i, \u00een special, a leguminoaselor \u00een rota\u021bia culturilor \u00een \u00eentreaga Europ\u0103, \u00eentr-un mod adecvat zonei respective. Prin urmare, organiza\u021bia interna\u021bional\u0103 gestioneaz\u0103 o platform\u0103 multilingv\u0103 de cuno\u0219tin\u021be (Legume Hub) cu numero\u0219i parteneri pentru amelioratori, agricultori, procesatori \u0219i to\u021bi cei implica\u021bi \u00een legumicultur\u0103.<\/p>\n<p>Extinderea sustenabil\u0103 a soiei \u0219i a altor leguminoase \u00een Europa aduce multe beneficii. \u00cen primul r\u00e2nd, ar reduce cantitatea de soia necertificat\u0103 importat\u0103 din \u021b\u0103ri precum Brazilia. \u00cen al doilea r\u00e2nd, ar cre\u0219te diversitatea agricol\u0103 \u0219i ar consolida astfel biodiversitatea insectelor polenizatoare \u0219i a altor animale. \u00cen al treilea r\u00e2nd, ar reduce utilizarea de \u00eengr\u0103\u0219\u0103minte energointensive, deoarece \u00eensu\u0219i leguminoasele produc \u00eengr\u0103\u0219\u0103minte cu azot din aer. \u00cen al patrulea r\u00e2nd, o rota\u021bie mai divers\u0103 a culturilor cre\u0219te rezisten\u021ba la buruieni \u0219i d\u0103un\u0103tori, iar \u00een al cincilea r\u00e2nd, reduce utilizarea pesticidelor care polueaz\u0103 solul \u0219i apele subterane.<\/p>\n<p>Pe l\u00e2ng\u0103 cre\u0219terea suprafe\u021bei cultivate cu leguminoase, o tranzi\u021bie proteic\u0103 \u00een Europa necesit\u0103, de asemenea, o \u00eembun\u0103t\u0103\u021bire a eficien\u021bei hr\u0103nirii animalelor. Acest lucru poate u\u0219ura povara asupra fermierilor, \u00een special \u00een perioadele de cre\u0219tere a costurilor de produc\u021bie. \u0218i, nu \u00een ultimul r\u00e2nd, este nevoie, de asemenea, de o con\u0219tientizare a cre\u0219terii nutri\u021biei oamenilor cu proteine vegetale. &#8220;Acest lucru nu numai c\u0103 ne promoveaz\u0103 s\u0103n\u0103tatea, dar scute\u0219te \u0219i mediul de factorii nocivi proveni\u021bi din produc\u021bia de carne \u0219i lapte&#8221;, spune Kr\u00f6n.<\/p>\n<p>\u00cempreun\u0103 cu partenerii s\u0103i, Donau Soja gestioneaz\u0103 propria platform\u0103 european\u0103 pentru leguminoase, Legume Hub (<a href=\"https:\/\/www.legumehub.eu\/\">https:\/\/www.legumehub.eu\/<\/a>). Aici, toate persoanele interesate pot g\u0103si cuno\u0219tin\u021be extinse, numeroase articole, rapoarte de teren, practici \u0219i sfaturi pentru produc\u021bia de produse proteice vegetale de-alungul \u00eentregului lan\u021b valoric.<\/p>\n<p><a href=\"https:\/\/www.donausoja.org\/wp-content\/uploads\/2023\/02\/Beans_pixabay-scaled-1.jpg\">Desc\u0103rca\u021bi foto<\/a><br \/>\n<a href=\"https:\/\/www.donausoja.org\/wp-content\/uploads\/2022\/06\/DS_Protein-Strategy-for-Europe-26072018-2.pdf\">Desc\u0103rca\u021bi Strategia Proteic\u0103 Donau Soja pentru Europa<\/a><br \/>\n<a href=\"https:\/\/www.donausoja.org\/wp-content\/uploads\/2023\/02\/20230208_Pulses-Day_EN.pdf\">Desc\u0103rca\u021bi comunicatul de pres\u0103<\/a><\/p>\n<p><strong>Pentru \u00eentreb\u0103ri \u0219i fotografii<br \/>\n<\/strong>Franko Petri<br \/>\n\u0218eful departamentului de comunicare Donau Soja<br \/>\nTelefon: +43-1-5121744-24<br \/>\nTelefon mobil: +43-664-88961298<br \/>\nE-mail: <a href=\"mailto:petri@donausoja.org\">petri@donausoja.org<\/a><\/p>\n","protected":false},"excerpt":{"rendered":"<p>Legume Hub: Platforma european\u0103 de cuno\u0219tin\u021be despre leguminoase nu numai pentru fermieri Viena\/Berlin\/Berna &#8211; Cu ocazia Zilei Mondiale a Leguminoaselor care va avea loc vineri, 10 februarie, organiza\u021bia Donau Soja reaminte\u0219te c\u0103 \u00een Europa este nevoie urgent\u0103 de tranzi\u021bie proteic\u0103. \u00cen prezent, leguminoasele, cum ar fi soia, maz\u0103rea, fasolea, lintea \u0219i alte leguminoase asem\u0103n\u0103toare, reprezint\u0103 [&hellip;]<\/p>\n","protected":false},"author":19,"featured_media":39052,"comment_status":"open","ping_status":"open","sticky":false,"template":"","format":"standard","meta":{"_et_pb_use_builder":"","_et_pb_old_content":"","_et_gb_content_width":"","footnotes":""},"categories":[488],"tags":[],"class_list":["post-24563","post","type-post","status-publish","format-standard","has-post-thumbnail","hentry","category-all-press-releases-ro"],"yoast_head":"<!-- This site is optimized with the Yoast SEO plugin v27.4 - https:\/\/yoast.com\/product\/yoast-seo-wordpress\/ -->\n<title>Ziua mondial\u0103 a leguminoaselor, pe 10 februarie: Donau Soja solicit\u0103 o tranzi\u021bie proteic\u0103 european\u0103 - Donau Soja<\/title>\n<meta name=\"description\" content=\"Cu ocazia Zilei Mondiale a Leguminoaselor care va avea loc vineri, 10 februarie, organiza\u021bia Donau Soja reaminte\u0219te c\u0103 \u00een Europa este nevoie urgent\u0103 de tranzi\u021bie proteic\u0103. \u00cen prezent, leguminoasele, cum ar fi soia, maz\u0103rea, fasolea, lintea \u0219i alte leguminoase asem\u0103n\u0103toare, reprezint\u0103 doar 2 p\u00e2n\u0103 la 3 % din totalul terenurilor arabile din UE. \u00cen 2023, \u00eenc\u0103 mai exist\u0103 un deficit de 34 de milioane de tone de soia, iar aceasta trebuie s\u0103 fie importate din str\u0103in\u0103tate, unde cultivarea ei - \u00een special pentru hrana animalelor - distruge p\u0103duri valoroase \u0219i alte zone naturale. &quot;Nu numai c\u0103 promov\u0103m expansiunea sustenabil\u0103 a soiei \u0219i a altor leguminoase \u00een Europa, dar Donau Soja este, de asemenea, for\u021ba motrice a tranzi\u021biei europene \u00een domeniul proteinelor, prin strategia Donau Soja Protein Strategy for Europe, pentru a reduce \u00een mod semnificativ deficitul actual de proteine&quot;, spune Matthias Kr\u00f6n, pre\u0219edintele Donau Soja. Nu mai este vorba doar de soia, ci \u0219i de integrarea leguminoaselor \u0219i, \u00een special, a leguminoaselor \u00een rota\u021bia culturilor \u00een \u00eentreaga Europ\u0103, \u00eentr-un mod adecvat zonei respective. Prin urmare, organiza\u021bia interna\u021bional\u0103 gestioneaz\u0103 o platform\u0103 multilingv\u0103 de cuno\u0219tin\u021be (Legume Hub) cu numero\u0219i parteneri pentru amelioratori, agricultori, procesatori \u0219i to\u021bi cei implica\u021bi \u00een legumicultur\u0103.\" \/>\n<meta name=\"robots\" content=\"index, follow, max-snippet:-1, max-image-preview:large, max-video-preview:-1\" \/>\n<link rel=\"canonical\" href=\"https:\/\/www.donausoja.org\/ro\/world-pulses-day-on-10-february-donau-soja-demands-a-european-protein-transition\/\" \/>\n<meta property=\"og:locale\" content=\"ro_RO\" \/>\n<meta property=\"og:type\" content=\"article\" \/>\n<meta property=\"og:title\" content=\"Ziua mondial\u0103 a leguminoaselor, pe 10 februarie: Donau Soja solicit\u0103 o tranzi\u021bie proteic\u0103 european\u0103 - Donau Soja\" \/>\n<meta property=\"og:description\" content=\"Cu ocazia Zilei Mondiale a Leguminoaselor care va avea loc vineri, 10 februarie, organiza\u021bia Donau Soja reaminte\u0219te c\u0103 \u00een Europa este nevoie urgent\u0103 de tranzi\u021bie proteic\u0103. \u00cen prezent, leguminoasele, cum ar fi soia, maz\u0103rea, fasolea, lintea \u0219i alte leguminoase asem\u0103n\u0103toare, reprezint\u0103 doar 2 p\u00e2n\u0103 la 3 % din totalul terenurilor arabile din UE. \u00cen 2023, \u00eenc\u0103 mai exist\u0103 un deficit de 34 de milioane de tone de soia, iar aceasta trebuie s\u0103 fie importate din str\u0103in\u0103tate, unde cultivarea ei - \u00een special pentru hrana animalelor - distruge p\u0103duri valoroase \u0219i alte zone naturale. &quot;Nu numai c\u0103 promov\u0103m expansiunea sustenabil\u0103 a soiei \u0219i a altor leguminoase \u00een Europa, dar Donau Soja este, de asemenea, for\u021ba motrice a tranzi\u021biei europene \u00een domeniul proteinelor, prin strategia Donau Soja Protein Strategy for Europe, pentru a reduce \u00een mod semnificativ deficitul actual de proteine&quot;, spune Matthias Kr\u00f6n, pre\u0219edintele Donau Soja. Nu mai este vorba doar de soia, ci \u0219i de integrarea leguminoaselor \u0219i, \u00een special, a leguminoaselor \u00een rota\u021bia culturilor \u00een \u00eentreaga Europ\u0103, \u00eentr-un mod adecvat zonei respective. Prin urmare, organiza\u021bia interna\u021bional\u0103 gestioneaz\u0103 o platform\u0103 multilingv\u0103 de cuno\u0219tin\u021be (Legume Hub) cu numero\u0219i parteneri pentru amelioratori, agricultori, procesatori \u0219i to\u021bi cei implica\u021bi \u00een legumicultur\u0103.\" \/>\n<meta property=\"og:url\" content=\"https:\/\/www.donausoja.org\/ro\/world-pulses-day-on-10-february-donau-soja-demands-a-european-protein-transition\/\" \/>\n<meta property=\"og:site_name\" content=\"Donau Soja\" \/>\n<meta property=\"article:published_time\" content=\"2023-02-08T07:35:20+00:00\" \/>\n<meta property=\"article:modified_time\" content=\"2024-03-06T06:51:52+00:00\" \/>\n<meta property=\"og:image\" content=\"https:\/\/www.donausoja.org\/wp-content\/uploads\/2023\/02\/bagswithlegumes_pixabay-scaled.jpg\" \/>\n\t<meta property=\"og:image:width\" content=\"2560\" \/>\n\t<meta property=\"og:image:height\" content=\"1703\" \/>\n\t<meta property=\"og:image:type\" content=\"image\/jpeg\" \/>\n<meta name=\"author\" content=\"Georg Spreitzer\" \/>\n<meta name=\"twitter:card\" content=\"summary_large_image\" \/>\n<meta name=\"twitter:label1\" content=\"Scris de\" \/>\n\t<meta name=\"twitter:data1\" content=\"Georg Spreitzer\" \/>\n\t<meta name=\"twitter:label2\" content=\"Timp estimat pentru citire\" \/>\n\t<meta name=\"twitter:data2\" content=\"3 minute\" \/>\n<script type=\"application\/ld+json\" class=\"yoast-schema-graph\">{\"@context\":\"https:\\\/\\\/schema.org\",\"@graph\":[{\"@type\":\"Article\",\"@id\":\"https:\\\/\\\/www.donausoja.org\\\/ro\\\/world-pulses-day-on-10-february-donau-soja-demands-a-european-protein-transition\\\/#article\",\"isPartOf\":{\"@id\":\"https:\\\/\\\/www.donausoja.org\\\/ro\\\/world-pulses-day-on-10-february-donau-soja-demands-a-european-protein-transition\\\/\"},\"author\":{\"name\":\"Georg Spreitzer\",\"@id\":\"https:\\\/\\\/www.donausoja.org\\\/ro\\\/#\\\/schema\\\/person\\\/3341ecf7d9153fee6046f28563174e2a\"},\"headline\":\"Ziua mondial\u0103 a leguminoaselor, pe 10 februarie: Donau Soja solicit\u0103 o tranzi\u021bie proteic\u0103 european\u0103\",\"datePublished\":\"2023-02-08T07:35:20+00:00\",\"dateModified\":\"2024-03-06T06:51:52+00:00\",\"mainEntityOfPage\":{\"@id\":\"https:\\\/\\\/www.donausoja.org\\\/ro\\\/world-pulses-day-on-10-february-donau-soja-demands-a-european-protein-transition\\\/\"},\"wordCount\":551,\"commentCount\":0,\"image\":{\"@id\":\"https:\\\/\\\/www.donausoja.org\\\/ro\\\/world-pulses-day-on-10-february-donau-soja-demands-a-european-protein-transition\\\/#primaryimage\"},\"thumbnailUrl\":\"https:\\\/\\\/www.donausoja.org\\\/wp-content\\\/uploads\\\/2023\\\/02\\\/bagswithlegumes_pixabay-scaled.jpg\",\"articleSection\":[\"Comunicat de pres\u0103\"],\"inLanguage\":\"ro-RO\",\"potentialAction\":[{\"@type\":\"CommentAction\",\"name\":\"Comment\",\"target\":[\"https:\\\/\\\/www.donausoja.org\\\/ro\\\/world-pulses-day-on-10-february-donau-soja-demands-a-european-protein-transition\\\/#respond\"]}]},{\"@type\":\"WebPage\",\"@id\":\"https:\\\/\\\/www.donausoja.org\\\/ro\\\/world-pulses-day-on-10-february-donau-soja-demands-a-european-protein-transition\\\/\",\"url\":\"https:\\\/\\\/www.donausoja.org\\\/ro\\\/world-pulses-day-on-10-february-donau-soja-demands-a-european-protein-transition\\\/\",\"name\":\"Ziua mondial\u0103 a leguminoaselor, pe 10 februarie: Donau Soja solicit\u0103 o tranzi\u021bie proteic\u0103 european\u0103 - Donau Soja\",\"isPartOf\":{\"@id\":\"https:\\\/\\\/www.donausoja.org\\\/ro\\\/#website\"},\"primaryImageOfPage\":{\"@id\":\"https:\\\/\\\/www.donausoja.org\\\/ro\\\/world-pulses-day-on-10-february-donau-soja-demands-a-european-protein-transition\\\/#primaryimage\"},\"image\":{\"@id\":\"https:\\\/\\\/www.donausoja.org\\\/ro\\\/world-pulses-day-on-10-february-donau-soja-demands-a-european-protein-transition\\\/#primaryimage\"},\"thumbnailUrl\":\"https:\\\/\\\/www.donausoja.org\\\/wp-content\\\/uploads\\\/2023\\\/02\\\/bagswithlegumes_pixabay-scaled.jpg\",\"datePublished\":\"2023-02-08T07:35:20+00:00\",\"dateModified\":\"2024-03-06T06:51:52+00:00\",\"author\":{\"@id\":\"https:\\\/\\\/www.donausoja.org\\\/ro\\\/#\\\/schema\\\/person\\\/3341ecf7d9153fee6046f28563174e2a\"},\"description\":\"Cu ocazia Zilei Mondiale a Leguminoaselor care va avea loc vineri, 10 februarie, organiza\u021bia Donau Soja reaminte\u0219te c\u0103 \u00een Europa este nevoie urgent\u0103 de tranzi\u021bie proteic\u0103. \u00cen prezent, leguminoasele, cum ar fi soia, maz\u0103rea, fasolea, lintea \u0219i alte leguminoase asem\u0103n\u0103toare, reprezint\u0103 doar 2 p\u00e2n\u0103 la 3 % din totalul terenurilor arabile din UE. \u00cen 2023, \u00eenc\u0103 mai exist\u0103 un deficit de 34 de milioane de tone de soia, iar aceasta trebuie s\u0103 fie importate din str\u0103in\u0103tate, unde cultivarea ei - \u00een special pentru hrana animalelor - distruge p\u0103duri valoroase \u0219i alte zone naturale. \\\"Nu numai c\u0103 promov\u0103m expansiunea sustenabil\u0103 a soiei \u0219i a altor leguminoase \u00een Europa, dar Donau Soja este, de asemenea, for\u021ba motrice a tranzi\u021biei europene \u00een domeniul proteinelor, prin strategia Donau Soja Protein Strategy for Europe, pentru a reduce \u00een mod semnificativ deficitul actual de proteine\\\", spune Matthias Kr\u00f6n, pre\u0219edintele Donau Soja. Nu mai este vorba doar de soia, ci \u0219i de integrarea leguminoaselor \u0219i, \u00een special, a leguminoaselor \u00een rota\u021bia culturilor \u00een \u00eentreaga Europ\u0103, \u00eentr-un mod adecvat zonei respective. Prin urmare, organiza\u021bia interna\u021bional\u0103 gestioneaz\u0103 o platform\u0103 multilingv\u0103 de cuno\u0219tin\u021be (Legume Hub) cu numero\u0219i parteneri pentru amelioratori, agricultori, procesatori \u0219i to\u021bi cei implica\u021bi \u00een legumicultur\u0103.\",\"breadcrumb\":{\"@id\":\"https:\\\/\\\/www.donausoja.org\\\/ro\\\/world-pulses-day-on-10-february-donau-soja-demands-a-european-protein-transition\\\/#breadcrumb\"},\"inLanguage\":\"ro-RO\",\"potentialAction\":[{\"@type\":\"ReadAction\",\"target\":[\"https:\\\/\\\/www.donausoja.org\\\/ro\\\/world-pulses-day-on-10-february-donau-soja-demands-a-european-protein-transition\\\/\"]}]},{\"@type\":\"ImageObject\",\"inLanguage\":\"ro-RO\",\"@id\":\"https:\\\/\\\/www.donausoja.org\\\/ro\\\/world-pulses-day-on-10-february-donau-soja-demands-a-european-protein-transition\\\/#primaryimage\",\"url\":\"https:\\\/\\\/www.donausoja.org\\\/wp-content\\\/uploads\\\/2023\\\/02\\\/bagswithlegumes_pixabay-scaled.jpg\",\"contentUrl\":\"https:\\\/\\\/www.donausoja.org\\\/wp-content\\\/uploads\\\/2023\\\/02\\\/bagswithlegumes_pixabay-scaled.jpg\",\"width\":2560,\"height\":1703},{\"@type\":\"BreadcrumbList\",\"@id\":\"https:\\\/\\\/www.donausoja.org\\\/ro\\\/world-pulses-day-on-10-february-donau-soja-demands-a-european-protein-transition\\\/#breadcrumb\",\"itemListElement\":[{\"@type\":\"ListItem\",\"position\":1,\"name\":\"Home\",\"item\":\"https:\\\/\\\/www.donausoja.org\\\/ro\\\/\"},{\"@type\":\"ListItem\",\"position\":2,\"name\":\"Ziua mondial\u0103 a leguminoaselor, pe 10 februarie: Donau Soja solicit\u0103 o tranzi\u021bie proteic\u0103 european\u0103\"}]},{\"@type\":\"WebSite\",\"@id\":\"https:\\\/\\\/www.donausoja.org\\\/ro\\\/#website\",\"url\":\"https:\\\/\\\/www.donausoja.org\\\/ro\\\/\",\"name\":\"Donau Soja\",\"description\":\"Together for a European Protein Supply: Regional. Sustainable. Non-GM.\",\"potentialAction\":[{\"@type\":\"SearchAction\",\"target\":{\"@type\":\"EntryPoint\",\"urlTemplate\":\"https:\\\/\\\/www.donausoja.org\\\/ro\\\/?s={search_term_string}\"},\"query-input\":{\"@type\":\"PropertyValueSpecification\",\"valueRequired\":true,\"valueName\":\"search_term_string\"}}],\"inLanguage\":\"ro-RO\"},{\"@type\":\"Person\",\"@id\":\"https:\\\/\\\/www.donausoja.org\\\/ro\\\/#\\\/schema\\\/person\\\/3341ecf7d9153fee6046f28563174e2a\",\"name\":\"Georg Spreitzer\",\"image\":{\"@type\":\"ImageObject\",\"inLanguage\":\"ro-RO\",\"@id\":\"https:\\\/\\\/secure.gravatar.com\\\/avatar\\\/95d7cc50537a6af29ca5e3fddafa375469aafa909f6e4f44e8e51b61278e9dbb?s=96&d=mm&r=g\",\"url\":\"https:\\\/\\\/secure.gravatar.com\\\/avatar\\\/95d7cc50537a6af29ca5e3fddafa375469aafa909f6e4f44e8e51b61278e9dbb?s=96&d=mm&r=g\",\"contentUrl\":\"https:\\\/\\\/secure.gravatar.com\\\/avatar\\\/95d7cc50537a6af29ca5e3fddafa375469aafa909f6e4f44e8e51b61278e9dbb?s=96&d=mm&r=g\",\"caption\":\"Georg Spreitzer\"},\"url\":\"https:\\\/\\\/www.donausoja.org\\\/ro\\\/author\\\/gspreitzer\\\/\"}]}<\/script>\n<!-- \/ Yoast SEO plugin. -->","yoast_head_json":{"title":"Ziua mondial\u0103 a leguminoaselor, pe 10 februarie: Donau Soja solicit\u0103 o tranzi\u021bie proteic\u0103 european\u0103 - Donau Soja","description":"Cu ocazia Zilei Mondiale a Leguminoaselor care va avea loc vineri, 10 februarie, organiza\u021bia Donau Soja reaminte\u0219te c\u0103 \u00een Europa este nevoie urgent\u0103 de tranzi\u021bie proteic\u0103. \u00cen prezent, leguminoasele, cum ar fi soia, maz\u0103rea, fasolea, lintea \u0219i alte leguminoase asem\u0103n\u0103toare, reprezint\u0103 doar 2 p\u00e2n\u0103 la 3 % din totalul terenurilor arabile din UE. \u00cen 2023, \u00eenc\u0103 mai exist\u0103 un deficit de 34 de milioane de tone de soia, iar aceasta trebuie s\u0103 fie importate din str\u0103in\u0103tate, unde cultivarea ei - \u00een special pentru hrana animalelor - distruge p\u0103duri valoroase \u0219i alte zone naturale. \"Nu numai c\u0103 promov\u0103m expansiunea sustenabil\u0103 a soiei \u0219i a altor leguminoase \u00een Europa, dar Donau Soja este, de asemenea, for\u021ba motrice a tranzi\u021biei europene \u00een domeniul proteinelor, prin strategia Donau Soja Protein Strategy for Europe, pentru a reduce \u00een mod semnificativ deficitul actual de proteine\", spune Matthias Kr\u00f6n, pre\u0219edintele Donau Soja. Nu mai este vorba doar de soia, ci \u0219i de integrarea leguminoaselor \u0219i, \u00een special, a leguminoaselor \u00een rota\u021bia culturilor \u00een \u00eentreaga Europ\u0103, \u00eentr-un mod adecvat zonei respective. Prin urmare, organiza\u021bia interna\u021bional\u0103 gestioneaz\u0103 o platform\u0103 multilingv\u0103 de cuno\u0219tin\u021be (Legume Hub) cu numero\u0219i parteneri pentru amelioratori, agricultori, procesatori \u0219i to\u021bi cei implica\u021bi \u00een legumicultur\u0103.","robots":{"index":"index","follow":"follow","max-snippet":"max-snippet:-1","max-image-preview":"max-image-preview:large","max-video-preview":"max-video-preview:-1"},"canonical":"https:\/\/www.donausoja.org\/ro\/world-pulses-day-on-10-february-donau-soja-demands-a-european-protein-transition\/","og_locale":"ro_RO","og_type":"article","og_title":"Ziua mondial\u0103 a leguminoaselor, pe 10 februarie: Donau Soja solicit\u0103 o tranzi\u021bie proteic\u0103 european\u0103 - Donau Soja","og_description":"Cu ocazia Zilei Mondiale a Leguminoaselor care va avea loc vineri, 10 februarie, organiza\u021bia Donau Soja reaminte\u0219te c\u0103 \u00een Europa este nevoie urgent\u0103 de tranzi\u021bie proteic\u0103. \u00cen prezent, leguminoasele, cum ar fi soia, maz\u0103rea, fasolea, lintea \u0219i alte leguminoase asem\u0103n\u0103toare, reprezint\u0103 doar 2 p\u00e2n\u0103 la 3 % din totalul terenurilor arabile din UE. \u00cen 2023, \u00eenc\u0103 mai exist\u0103 un deficit de 34 de milioane de tone de soia, iar aceasta trebuie s\u0103 fie importate din str\u0103in\u0103tate, unde cultivarea ei - \u00een special pentru hrana animalelor - distruge p\u0103duri valoroase \u0219i alte zone naturale. \"Nu numai c\u0103 promov\u0103m expansiunea sustenabil\u0103 a soiei \u0219i a altor leguminoase \u00een Europa, dar Donau Soja este, de asemenea, for\u021ba motrice a tranzi\u021biei europene \u00een domeniul proteinelor, prin strategia Donau Soja Protein Strategy for Europe, pentru a reduce \u00een mod semnificativ deficitul actual de proteine\", spune Matthias Kr\u00f6n, pre\u0219edintele Donau Soja. Nu mai este vorba doar de soia, ci \u0219i de integrarea leguminoaselor \u0219i, \u00een special, a leguminoaselor \u00een rota\u021bia culturilor \u00een \u00eentreaga Europ\u0103, \u00eentr-un mod adecvat zonei respective. Prin urmare, organiza\u021bia interna\u021bional\u0103 gestioneaz\u0103 o platform\u0103 multilingv\u0103 de cuno\u0219tin\u021be (Legume Hub) cu numero\u0219i parteneri pentru amelioratori, agricultori, procesatori \u0219i to\u021bi cei implica\u021bi \u00een legumicultur\u0103.","og_url":"https:\/\/www.donausoja.org\/ro\/world-pulses-day-on-10-february-donau-soja-demands-a-european-protein-transition\/","og_site_name":"Donau Soja","article_published_time":"2023-02-08T07:35:20+00:00","article_modified_time":"2024-03-06T06:51:52+00:00","og_image":[{"width":2560,"height":1703,"url":"https:\/\/www.donausoja.org\/wp-content\/uploads\/2023\/02\/bagswithlegumes_pixabay-scaled.jpg","type":"image\/jpeg"}],"author":"Georg Spreitzer","twitter_card":"summary_large_image","twitter_misc":{"Scris de":"Georg Spreitzer","Timp estimat pentru citire":"3 minute"},"schema":{"@context":"https:\/\/schema.org","@graph":[{"@type":"Article","@id":"https:\/\/www.donausoja.org\/ro\/world-pulses-day-on-10-february-donau-soja-demands-a-european-protein-transition\/#article","isPartOf":{"@id":"https:\/\/www.donausoja.org\/ro\/world-pulses-day-on-10-february-donau-soja-demands-a-european-protein-transition\/"},"author":{"name":"Georg Spreitzer","@id":"https:\/\/www.donausoja.org\/ro\/#\/schema\/person\/3341ecf7d9153fee6046f28563174e2a"},"headline":"Ziua mondial\u0103 a leguminoaselor, pe 10 februarie: Donau Soja solicit\u0103 o tranzi\u021bie proteic\u0103 european\u0103","datePublished":"2023-02-08T07:35:20+00:00","dateModified":"2024-03-06T06:51:52+00:00","mainEntityOfPage":{"@id":"https:\/\/www.donausoja.org\/ro\/world-pulses-day-on-10-february-donau-soja-demands-a-european-protein-transition\/"},"wordCount":551,"commentCount":0,"image":{"@id":"https:\/\/www.donausoja.org\/ro\/world-pulses-day-on-10-february-donau-soja-demands-a-european-protein-transition\/#primaryimage"},"thumbnailUrl":"https:\/\/www.donausoja.org\/wp-content\/uploads\/2023\/02\/bagswithlegumes_pixabay-scaled.jpg","articleSection":["Comunicat de pres\u0103"],"inLanguage":"ro-RO","potentialAction":[{"@type":"CommentAction","name":"Comment","target":["https:\/\/www.donausoja.org\/ro\/world-pulses-day-on-10-february-donau-soja-demands-a-european-protein-transition\/#respond"]}]},{"@type":"WebPage","@id":"https:\/\/www.donausoja.org\/ro\/world-pulses-day-on-10-february-donau-soja-demands-a-european-protein-transition\/","url":"https:\/\/www.donausoja.org\/ro\/world-pulses-day-on-10-february-donau-soja-demands-a-european-protein-transition\/","name":"Ziua mondial\u0103 a leguminoaselor, pe 10 februarie: Donau Soja solicit\u0103 o tranzi\u021bie proteic\u0103 european\u0103 - Donau Soja","isPartOf":{"@id":"https:\/\/www.donausoja.org\/ro\/#website"},"primaryImageOfPage":{"@id":"https:\/\/www.donausoja.org\/ro\/world-pulses-day-on-10-february-donau-soja-demands-a-european-protein-transition\/#primaryimage"},"image":{"@id":"https:\/\/www.donausoja.org\/ro\/world-pulses-day-on-10-february-donau-soja-demands-a-european-protein-transition\/#primaryimage"},"thumbnailUrl":"https:\/\/www.donausoja.org\/wp-content\/uploads\/2023\/02\/bagswithlegumes_pixabay-scaled.jpg","datePublished":"2023-02-08T07:35:20+00:00","dateModified":"2024-03-06T06:51:52+00:00","author":{"@id":"https:\/\/www.donausoja.org\/ro\/#\/schema\/person\/3341ecf7d9153fee6046f28563174e2a"},"description":"Cu ocazia Zilei Mondiale a Leguminoaselor care va avea loc vineri, 10 februarie, organiza\u021bia Donau Soja reaminte\u0219te c\u0103 \u00een Europa este nevoie urgent\u0103 de tranzi\u021bie proteic\u0103. \u00cen prezent, leguminoasele, cum ar fi soia, maz\u0103rea, fasolea, lintea \u0219i alte leguminoase asem\u0103n\u0103toare, reprezint\u0103 doar 2 p\u00e2n\u0103 la 3 % din totalul terenurilor arabile din UE. \u00cen 2023, \u00eenc\u0103 mai exist\u0103 un deficit de 34 de milioane de tone de soia, iar aceasta trebuie s\u0103 fie importate din str\u0103in\u0103tate, unde cultivarea ei - \u00een special pentru hrana animalelor - distruge p\u0103duri valoroase \u0219i alte zone naturale. \"Nu numai c\u0103 promov\u0103m expansiunea sustenabil\u0103 a soiei \u0219i a altor leguminoase \u00een Europa, dar Donau Soja este, de asemenea, for\u021ba motrice a tranzi\u021biei europene \u00een domeniul proteinelor, prin strategia Donau Soja Protein Strategy for Europe, pentru a reduce \u00een mod semnificativ deficitul actual de proteine\", spune Matthias Kr\u00f6n, pre\u0219edintele Donau Soja. Nu mai este vorba doar de soia, ci \u0219i de integrarea leguminoaselor \u0219i, \u00een special, a leguminoaselor \u00een rota\u021bia culturilor \u00een \u00eentreaga Europ\u0103, \u00eentr-un mod adecvat zonei respective. Prin urmare, organiza\u021bia interna\u021bional\u0103 gestioneaz\u0103 o platform\u0103 multilingv\u0103 de cuno\u0219tin\u021be (Legume Hub) cu numero\u0219i parteneri pentru amelioratori, agricultori, procesatori \u0219i to\u021bi cei implica\u021bi \u00een legumicultur\u0103.","breadcrumb":{"@id":"https:\/\/www.donausoja.org\/ro\/world-pulses-day-on-10-february-donau-soja-demands-a-european-protein-transition\/#breadcrumb"},"inLanguage":"ro-RO","potentialAction":[{"@type":"ReadAction","target":["https:\/\/www.donausoja.org\/ro\/world-pulses-day-on-10-february-donau-soja-demands-a-european-protein-transition\/"]}]},{"@type":"ImageObject","inLanguage":"ro-RO","@id":"https:\/\/www.donausoja.org\/ro\/world-pulses-day-on-10-february-donau-soja-demands-a-european-protein-transition\/#primaryimage","url":"https:\/\/www.donausoja.org\/wp-content\/uploads\/2023\/02\/bagswithlegumes_pixabay-scaled.jpg","contentUrl":"https:\/\/www.donausoja.org\/wp-content\/uploads\/2023\/02\/bagswithlegumes_pixabay-scaled.jpg","width":2560,"height":1703},{"@type":"BreadcrumbList","@id":"https:\/\/www.donausoja.org\/ro\/world-pulses-day-on-10-february-donau-soja-demands-a-european-protein-transition\/#breadcrumb","itemListElement":[{"@type":"ListItem","position":1,"name":"Home","item":"https:\/\/www.donausoja.org\/ro\/"},{"@type":"ListItem","position":2,"name":"Ziua mondial\u0103 a leguminoaselor, pe 10 februarie: Donau Soja solicit\u0103 o tranzi\u021bie proteic\u0103 european\u0103"}]},{"@type":"WebSite","@id":"https:\/\/www.donausoja.org\/ro\/#website","url":"https:\/\/www.donausoja.org\/ro\/","name":"Donau Soja","description":"Together for a European Protein Supply: Regional. Sustainable. Non-GM.","potentialAction":[{"@type":"SearchAction","target":{"@type":"EntryPoint","urlTemplate":"https:\/\/www.donausoja.org\/ro\/?s={search_term_string}"},"query-input":{"@type":"PropertyValueSpecification","valueRequired":true,"valueName":"search_term_string"}}],"inLanguage":"ro-RO"},{"@type":"Person","@id":"https:\/\/www.donausoja.org\/ro\/#\/schema\/person\/3341ecf7d9153fee6046f28563174e2a","name":"Georg Spreitzer","image":{"@type":"ImageObject","inLanguage":"ro-RO","@id":"https:\/\/secure.gravatar.com\/avatar\/95d7cc50537a6af29ca5e3fddafa375469aafa909f6e4f44e8e51b61278e9dbb?s=96&d=mm&r=g","url":"https:\/\/secure.gravatar.com\/avatar\/95d7cc50537a6af29ca5e3fddafa375469aafa909f6e4f44e8e51b61278e9dbb?s=96&d=mm&r=g","contentUrl":"https:\/\/secure.gravatar.com\/avatar\/95d7cc50537a6af29ca5e3fddafa375469aafa909f6e4f44e8e51b61278e9dbb?s=96&d=mm&r=g","caption":"Georg Spreitzer"},"url":"https:\/\/www.donausoja.org\/ro\/author\/gspreitzer\/"}]}},"_links":{"self":[{"href":"https:\/\/www.donausoja.org\/ro\/wp-json\/wp\/v2\/posts\/24563","targetHints":{"allow":["GET"]}}],"collection":[{"href":"https:\/\/www.donausoja.org\/ro\/wp-json\/wp\/v2\/posts"}],"about":[{"href":"https:\/\/www.donausoja.org\/ro\/wp-json\/wp\/v2\/types\/post"}],"author":[{"embeddable":true,"href":"https:\/\/www.donausoja.org\/ro\/wp-json\/wp\/v2\/users\/19"}],"replies":[{"embeddable":true,"href":"https:\/\/www.donausoja.org\/ro\/wp-json\/wp\/v2\/comments?post=24563"}],"version-history":[{"count":2,"href":"https:\/\/www.donausoja.org\/ro\/wp-json\/wp\/v2\/posts\/24563\/revisions"}],"predecessor-version":[{"id":24565,"href":"https:\/\/www.donausoja.org\/ro\/wp-json\/wp\/v2\/posts\/24563\/revisions\/24565"}],"wp:featuredmedia":[{"embeddable":true,"href":"https:\/\/www.donausoja.org\/ro\/wp-json\/wp\/v2\/media\/39052"}],"wp:attachment":[{"href":"https:\/\/www.donausoja.org\/ro\/wp-json\/wp\/v2\/media?parent=24563"}],"wp:term":[{"taxonomy":"category","embeddable":true,"href":"https:\/\/www.donausoja.org\/ro\/wp-json\/wp\/v2\/categories?post=24563"},{"taxonomy":"post_tag","embeddable":true,"href":"https:\/\/www.donausoja.org\/ro\/wp-json\/wp\/v2\/tags?post=24563"}],"curies":[{"name":"wp","href":"https:\/\/api.w.org\/{rel}","templated":true}]}}