
{"id":63262,"date":"2025-11-05T13:25:52","date_gmt":"2025-11-05T13:25:52","guid":{"rendered":"https:\/\/www.donausoja.org\/?p=63262"},"modified":"2025-11-05T13:37:12","modified_gmt":"2025-11-05T13:37:12","slug":"non-gm-soy-conference-2025-highlights-global-collaboration-and-sustainability-in-the-non-gmo-sector","status":"publish","type":"post","link":"https:\/\/www.donausoja.org\/de\/non-gm-soy-conference-2025-highlights-global-collaboration-and-sustainability-in-the-non-gmo-sector\/","title":{"rendered":"Non-GM Soy Conference 2025 betont die Widerstandsf\u00e4higkeit der Branche und die globale Zusammenarbeit"},"content":{"rendered":"<p><strong><span class=\"TextRun SCXW166895860 BCX2\" lang=\"DE-DE\" xml:lang=\"DE-DE\" data-contrast=\"auto\"><span class=\"NormalTextRun SCXW166895860 BCX2\">Frankfurt, 5. November 2025<\/span><\/span><\/strong><span class=\"TextRun SCXW166895860 BCX2\" lang=\"DE-DE\" xml:lang=\"DE-DE\" data-contrast=\"auto\"><span class=\"NormalTextRun SCXW166895860 BCX2\"> \u2013 Die Non-GM <\/span><span class=\"NormalTextRun SpellingErrorV2Themed SCXW166895860 BCX2\">Soy<\/span><span class=\"NormalTextRun SCXW166895860 BCX2\"> Conference 2025, gemeinsam organisiert von der Donau Soja <\/span><span class=\"NormalTextRun SpellingErrorV2Themed SCXW166895860 BCX2\">Association<\/span><span class=\"NormalTextRun SCXW166895860 BCX2\"> und der <\/span><span class=\"NormalTextRun SpellingErrorV2Themed SCXW166895860 BCX2\">ProTerra<\/span> <span class=\"NormalTextRun SpellingErrorV2Themed SCXW166895860 BCX2\">Foundation<\/span><span class=\"NormalTextRun SCXW166895860 BCX2\">, brachte erfolgreich rund 88 Teilnehmende aus 21 L\u00e4ndern zusammen, die unterschiedliche Perspektiven aus der globalen Non-GMO-Branche vertraten. Im Rahmen der Veranstaltung wurden aktuelle Marktentwicklungen, Fortschritte im Bereich Nachhaltigkeit sowie Chancen f\u00fcr die internationale Zusammenarbeit innerhalb des Non-GMO-Sektors beleuchtet.<\/span><\/span><\/p>\n<h3><span style=\"color: #76b800;\">Zentrale Themen und Erkenntnisse\u00a0<\/span><\/h3>\n<p><span data-contrast=\"auto\">Die Konferenz zeigte, dass der <\/span><b><span data-contrast=\"auto\">Non-GMO-Sektor auch unter herausfordernden Bedingungen widerstandsf\u00e4hig ist und weiter w\u00e4chst.<\/span><\/b><span data-contrast=\"auto\"> In den Diskussionen wurde die Bedeutung internationaler Zusammenarbeit betont \u2013 sowohl geografisch als auch zwischen Organisationen.<\/span><span data-ccp-props=\"{&quot;201341983&quot;:0,&quot;335559740&quot;:276}\">\u00a0<\/span><\/p>\n<p><span data-contrast=\"auto\">In den einzelnen Sitzungen der Konferenz wurden zentrale Themen des Sektors hervorgehoben, darunter:<\/span><span data-ccp-props=\"{&quot;201341983&quot;:0,&quot;335559740&quot;:276}\">\u00a0<\/span><\/p>\n<ul>\n<li aria-setsize=\"-1\" data-leveltext=\"\uf0b7\" data-font=\"Symbol\" data-listid=\"1\" data-list-defn-props=\"{&quot;335552541&quot;:1,&quot;335559685&quot;:720,&quot;335559991&quot;:360,&quot;469769226&quot;:&quot;Symbol&quot;,&quot;469769242&quot;:[8226],&quot;469777803&quot;:&quot;left&quot;,&quot;469777804&quot;:&quot;\uf0b7&quot;,&quot;469777815&quot;:&quot;hybridMultilevel&quot;}\" data-aria-posinset=\"1\" data-aria-level=\"1\"><span data-contrast=\"auto\">Aktuelle Trends und Entwicklungen im globalen Non-GMO-Markt<\/span><span data-ccp-props=\"{&quot;201341983&quot;:0,&quot;335559740&quot;:276}\">\u00a0<\/span><\/li>\n<\/ul>\n<ul>\n<li aria-setsize=\"-1\" data-leveltext=\"\uf0b7\" data-font=\"Symbol\" data-listid=\"1\" data-list-defn-props=\"{&quot;335552541&quot;:1,&quot;335559685&quot;:720,&quot;335559991&quot;:360,&quot;469769226&quot;:&quot;Symbol&quot;,&quot;469769242&quot;:[8226],&quot;469777803&quot;:&quot;left&quot;,&quot;469777804&quot;:&quot;\uf0b7&quot;,&quot;469777815&quot;:&quot;hybridMultilevel&quot;}\" data-aria-posinset=\"2\" data-aria-level=\"1\"><span data-contrast=\"auto\">Nachhaltigkeitsinitiativen und bew\u00e4hrte Praktiken innerhalb von Non-GMO-Lieferketten<\/span><span data-ccp-props=\"{&quot;201341983&quot;:0,&quot;335559740&quot;:276}\">\u00a0<\/span><\/li>\n<\/ul>\n<ul>\n<li aria-setsize=\"-1\" data-leveltext=\"\uf0b7\" data-font=\"Symbol\" data-listid=\"1\" data-list-defn-props=\"{&quot;335552541&quot;:1,&quot;335559685&quot;:720,&quot;335559991&quot;:360,&quot;469769226&quot;:&quot;Symbol&quot;,&quot;469769242&quot;:[8226],&quot;469777803&quot;:&quot;left&quot;,&quot;469777804&quot;:&quot;\uf0b7&quot;,&quot;469777815&quot;:&quot;hybridMultilevel&quot;}\" data-aria-posinset=\"3\" data-aria-level=\"1\"><span data-contrast=\"auto\">Chancen und Herausforderungen f\u00fcr Produzenten, H\u00e4ndler und Branchenakteure im Hinblick auf Markt- und Regulierungsentwicklungen<\/span><span data-ccp-props=\"{&quot;201341983&quot;:0,&quot;335559740&quot;:276}\">\u00a0<\/span><\/li>\n<\/ul>\n<p><span data-contrast=\"auto\">\u201eDie Konferenz war ein starkes Lebenszeichen f\u00fcr den Non-GMO-Sektor \u2013 trotz der schwierigen globalen Rahmenbedingungen\u201c, sagte <\/span><b><span data-contrast=\"auto\">Susanne Fromwald<\/span><\/b><span data-contrast=\"auto\">, <\/span><b><span data-contrast=\"auto\">Generalsekret\u00e4rin der<\/span><\/b>\u00a0<b><span data-contrast=\"auto\">Donau Soja<\/span><\/b><b><span data-contrast=\"auto\"> Organisation<\/span><\/b><span data-contrast=\"auto\">. \u201eIn Zeiten der Unsicherheit sind <\/span><span data-contrast=\"auto\">robuste Standards und transparente regionale Partnerschaften<\/span><span data-contrast=\"auto\"> die Grundlage f\u00fcr Vertrauen und Stabilit\u00e4t. Zertifizierungssysteme wie jene von Donau Soja bleiben verl\u00e4ssliche Partner bei der Bew\u00e4ltigung von Nachhaltigkeitsherausforderungen und beim Risikomanagement in Lieferketten. Durch st\u00e4rkere Zusammenarbeit k\u00f6nnen wir <\/span><span data-contrast=\"auto\">resiliente, nachhaltige und gentechnikfreie Sojawertsch\u00f6pfungsketten<\/span><span data-contrast=\"auto\"> aufbauen, die zur Ern\u00e4hrungssicherheit, zu fairem Handel und zur <\/span><span data-contrast=\"auto\">Europ\u00e4ischen Proteinwende<\/span><span data-contrast=\"auto\"> beitragen.\u201c<\/span><span data-ccp-props=\"{&quot;134233117&quot;:true,&quot;134233118&quot;:true,&quot;201341983&quot;:0,&quot;335559740&quot;:276}\">\u00a0<\/span><\/p>\n<p><span data-contrast=\"auto\">In seiner <\/span><b><span data-contrast=\"auto\">Er\u00f6ffnungsrede<\/span><\/b><span data-contrast=\"auto\"> auf der Non-GM Soy Conference 2025 erkl\u00e4rte <\/span><b><span data-contrast=\"auto\">Taras Vysotskyi<\/span><\/b><span data-contrast=\"auto\">, stellvertretender Minister f\u00fcr Wirtschaft, Umwelt und Landwirtschaft der Ukraine:<\/span> <span data-contrast=\"auto\">\u201eTrotz des Krieges, infrastruktureller Herausforderungen und logistischer Unterbrechungen investieren die ukrainischen Landwirte weiterhin, modernisieren und liefern verl\u00e4sslich. Im Jahr 2024 erreichte die Ukraine mit <\/span><b><span data-contrast=\"auto\">2,6 Millionen Hektar Sojaanbaufl\u00e4che<\/span><\/b><span data-contrast=\"auto\"> und \u00fcber <\/span><b><span data-contrast=\"auto\">6,2 Millionen Tonnen Erntevolumen<\/span><\/b><span data-contrast=\"auto\"> das h\u00f6chste Niveau in ihrer Geschichte. F\u00fcr 2025 erwarten wir eine stabile Anbaufl\u00e4che von rund <\/span><b><span data-contrast=\"auto\">2,4 Millionen Hektar<\/span><\/b><span data-contrast=\"auto\"> bei leicht h\u00f6heren Ertr\u00e4gen.<\/span><br \/>\n<span data-contrast=\"auto\">Die Ukraine bleibt ein <\/span><b><span data-contrast=\"auto\">zuverl\u00e4ssiger und nachhaltiger Partner der Europ\u00e4ischen Union<\/span><\/b><span data-contrast=\"auto\"> beim Aufbau einer gemeinsamen <\/span><b><span data-contrast=\"auto\">Proteinplattform<\/span><\/b><span data-contrast=\"auto\"> auf der Basis von <\/span><b><span data-contrast=\"auto\">entwaldungsfreier und nicht gentechnisch ver\u00e4nderter Soja<\/span><\/b><span data-contrast=\"auto\">. J\u00e4hrlich exportiert die Ukraine rund <\/span><b><span data-contrast=\"auto\">3 Millionen Tonnen Sojabohnen in die EU<\/span><\/b><span data-contrast=\"auto\"> und erweitert stetig ihre Verarbeitungskapazit\u00e4ten.<\/span><br \/>\n<span data-contrast=\"auto\">In den vergangenen drei Jahren wurden \u00fcber <\/span><b><span data-contrast=\"auto\">25 Prozent der ukrainischen nicht-GM-Soja<\/span><\/b><span data-contrast=\"auto\"> im Rahmen des <\/span><b><span data-contrast=\"auto\">Donau Soja Protein Partnership Programms<\/span><\/b><span data-contrast=\"auto\"> abgedeckt \u2013 und damit Nachhaltigkeit, Nicht-Gentechnik, \u00fcberpr\u00fcfte Entwaldungs- und Umwandlungsfreiheit sowie eine verringerte CO\u2082-Bilanz gew\u00e4hrleistet.<\/span><br \/>\n<span data-contrast=\"auto\">Diese Zusammenarbeit zeigt, wie regionale Partnerschaften die <\/span><b><span data-contrast=\"auto\">Proteinresilienz Europas<\/span><\/b><span data-contrast=\"auto\"> st\u00e4rken und zu einer <\/span><b><span data-contrast=\"auto\">nachhaltigen landwirtschaftlichen Zukunft<\/span><\/b><span data-contrast=\"auto\"> beitragen k\u00f6nnen.\u201c<\/span><span data-ccp-props=\"{&quot;134233117&quot;:true,&quot;134233118&quot;:true,&quot;201341983&quot;:0,&quot;335559740&quot;:276}\">\u00a0<\/span><\/p>\n<div id=\"attachment_63264\" style=\"width: 310px\" class=\"wp-caption alignnone\"><img loading=\"lazy\" decoding=\"async\" aria-describedby=\"caption-attachment-63264\" class=\"size-medium wp-image-63264\" src=\"https:\/\/www.donausoja.org\/wp-content\/uploads\/2025\/11\/Taras-Vysotskyi-300x210.jpg\" alt=\"Taras Vysotskyi, Deputy Minister of Economy, Environment and Agriculture of Ukraine, at the Non-GM Soy Conference 2025\" width=\"300\" height=\"210\" \/><p id=\"caption-attachment-63264\" class=\"wp-caption-text\"><em>Taras Vysotskyi, stellvertretender Minister f\u00fcr Wirtschaft, Umwelt und Landwirtschaft der Ukraine<\/em><\/p><\/div>\n<p><b><span data-contrast=\"auto\">Danksagungen<\/span><\/b><br \/>\n<span data-contrast=\"auto\">Wir m\u00f6chten uns bei allen <\/span><b><span data-contrast=\"auto\">Teilnehmenden und Referierenden<\/span><\/b><span data-contrast=\"auto\"> herzlich f\u00fcr ihr Engagement und ihre Beitr\u00e4ge bedanken, die die Diskussionen informativ und inspirierend gestaltet haben.<\/span><span data-ccp-props=\"{&quot;201341983&quot;:0,&quot;335559740&quot;:276}\">\u00a0<\/span><span data-contrast=\"auto\">Ebenso danken wir unseren gro\u00dfz\u00fcgigen Sponsoren, deren Unterst\u00fctzung die Durchf\u00fchrung der Konferenz erm\u00f6glicht hat: <\/span><b><span data-contrast=\"auto\">Caramuru Alimentos S.A., Eurofins, FoodChain ID und Nateeo Srl.<\/span><\/b><span data-ccp-props=\"{&quot;201341983&quot;:0,&quot;335559740&quot;:276}\">\u00a0<\/span><\/p>\n<p><b><span data-contrast=\"auto\">Ausblick<\/span><\/b><br \/>\n<span data-contrast=\"auto\">Die Non-GM Soy Conference 2025 bekr\u00e4ftigte das Engagement des Sektors f\u00fcr Transparenz, Nachhaltigkeit und globale Zusammenarbeit. Wir freuen uns darauf, die w\u00e4hrend dieser Veranstaltung entstandenen Kontakte und Diskussionen weiter auszubauen, um eine starke und verantwortungsvolle Non-GMO-Branche weiter voranzubringen.<\/span><span data-ccp-props=\"{&quot;201341983&quot;:0,&quot;335559740&quot;:276}\">\u00a0<\/span><\/p>\n<p><span data-contrast=\"auto\">Weitere Informationen zur Konferenz sowie Zugang zu den Pr\u00e4sentationen finden Sie unter:<\/span> <a href=\"https:\/\/nongmomarket.com\" target=\"_blank\" rel=\"noopener\">https:\/\/nongmomarket.com<\/a><\/p>\n<p>&nbsp;<\/p>\n<p><a href=\"https:\/\/www.donausoja.org\/wp-content\/uploads\/2025\/11\/2025-11-05-Post-Conference-Press-Release_DE.pdf\" target=\"_blank\" rel=\"noopener\">Download Presseaussendung<\/a><\/p>\n<p><b><span data-contrast=\"auto\">Weitere Anfragen und Intervieww\u00fcnsche:<\/span><\/b><br \/>\n<span data-contrast=\"auto\">Alexander M\u00fchr (er\/ihm)<\/span><br \/>\n<span data-contrast=\"auto\">Director Marketing &amp; Communications, Donau Soja<\/span><br \/>\n<span data-contrast=\"auto\">Wiesingerstra\u00dfe 6\/14, 1010 Wien, \u00d6sterreich<\/span><br \/>\n<span data-contrast=\"auto\">Mobil: +43 664 889 612 98<\/span><br \/>\n<span data-contrast=\"auto\">E-Mail: <\/span><a href=\"mailto:muehr@donausoja.org\"><span data-contrast=\"none\">muehr@donausoja.org<\/span><\/a><span data-contrast=\"auto\"> oder <\/span><a href=\"mailto:presse@donausoja.org\"><span data-contrast=\"none\">presse@donausoja.org<\/span><\/a><br \/>\n<span data-contrast=\"auto\">Webseite: <\/span><a href=\"http:\/\/www.donausoja.org\"><span data-contrast=\"none\">www.donausoja.org<\/span><\/a><span data-ccp-props=\"{&quot;201341983&quot;:0,&quot;335559740&quot;:276}\">\u00a0<\/span><\/p>\n","protected":false},"excerpt":{"rendered":"<p>Frankfurt, 5. November 2025 \u2013 Die Non-GM Soy Conference 2025, gemeinsam organisiert von der Donau Soja Association und der ProTerra Foundation, brachte erfolgreich rund 88 Teilnehmende aus 21 L\u00e4ndern zusammen, die unterschiedliche Perspektiven aus der globalen Non-GMO-Branche vertraten. Im Rahmen der Veranstaltung wurden aktuelle Marktentwicklungen, Fortschritte im Bereich Nachhaltigkeit sowie Chancen f\u00fcr die internationale Zusammenarbeit [&hellip;]<\/p>\n","protected":false},"author":38,"featured_media":63274,"comment_status":"closed","ping_status":"closed","sticky":false,"template":"","format":"standard","meta":{"_et_pb_use_builder":"","_et_pb_old_content":"","_et_gb_content_width":"","footnotes":""},"categories":[492,505],"tags":[],"class_list":["post-63262","post","type-post","status-publish","format-standard","has-post-thumbnail","hentry","category-presseausendung","category-veranstaltung"],"yoast_head":"<!-- This site is optimized with the Yoast SEO plugin v27.4 - https:\/\/yoast.com\/product\/yoast-seo-wordpress\/ -->\n<title>Non-GM Soy Conference 2025 betont die Widerstandsf\u00e4higkeit der Branche und die globale Zusammenarbeit - Donau Soja<\/title>\n<meta name=\"description\" content=\"The Non-GM Soy Conference 2025 in Frankfurt, organised by Donau Soja and ProTerra Foundation, brought together 88 participants from 21 countries to discuss non-GMO market trends, sustainability, and collaboration across the global supply chain.\" \/>\n<meta name=\"robots\" content=\"index, follow, max-snippet:-1, max-image-preview:large, max-video-preview:-1\" \/>\n<link rel=\"canonical\" href=\"https:\/\/www.donausoja.org\/de\/non-gm-soy-conference-2025-highlights-global-collaboration-and-sustainability-in-the-non-gmo-sector\/\" \/>\n<meta property=\"og:locale\" content=\"de_DE\" \/>\n<meta property=\"og:type\" content=\"article\" \/>\n<meta property=\"og:title\" content=\"Non-GM Soy Conference 2025 betont die Widerstandsf\u00e4higkeit der Branche und die globale Zusammenarbeit - Donau Soja\" \/>\n<meta property=\"og:description\" content=\"The Non-GM Soy Conference 2025 in Frankfurt, organised by Donau Soja and ProTerra Foundation, brought together 88 participants from 21 countries to discuss non-GMO market trends, sustainability, and collaboration across the global supply chain.\" \/>\n<meta property=\"og:url\" content=\"https:\/\/www.donausoja.org\/de\/non-gm-soy-conference-2025-highlights-global-collaboration-and-sustainability-in-the-non-gmo-sector\/\" \/>\n<meta property=\"og:site_name\" content=\"Donau Soja\" \/>\n<meta property=\"article:published_time\" content=\"2025-11-05T13:25:52+00:00\" \/>\n<meta property=\"article:modified_time\" content=\"2025-11-05T13:37:12+00:00\" \/>\n<meta property=\"og:image\" content=\"https:\/\/www.donausoja.org\/wp-content\/uploads\/2025\/11\/Non-GM-Soy-Conference-2025.png\" \/>\n\t<meta property=\"og:image:width\" content=\"800\" \/>\n\t<meta property=\"og:image:height\" content=\"500\" \/>\n\t<meta property=\"og:image:type\" content=\"image\/png\" \/>\n<meta name=\"author\" content=\"Monika\" \/>\n<meta name=\"twitter:card\" content=\"summary_large_image\" \/>\n<meta name=\"twitter:label1\" content=\"Verfasst von\" \/>\n\t<meta name=\"twitter:data1\" content=\"Monika\" \/>\n\t<meta name=\"twitter:label2\" content=\"Gesch\u00e4tzte Lesezeit\" \/>\n\t<meta name=\"twitter:data2\" content=\"4\u00a0Minuten\" \/>\n<script type=\"application\/ld+json\" class=\"yoast-schema-graph\">{\"@context\":\"https:\\\/\\\/schema.org\",\"@graph\":[{\"@type\":\"Article\",\"@id\":\"https:\\\/\\\/www.donausoja.org\\\/de\\\/non-gm-soy-conference-2025-highlights-global-collaboration-and-sustainability-in-the-non-gmo-sector\\\/#article\",\"isPartOf\":{\"@id\":\"https:\\\/\\\/www.donausoja.org\\\/de\\\/non-gm-soy-conference-2025-highlights-global-collaboration-and-sustainability-in-the-non-gmo-sector\\\/\"},\"author\":{\"name\":\"Monika\",\"@id\":\"https:\\\/\\\/www.donausoja.org\\\/de\\\/#\\\/schema\\\/person\\\/67e9cc2b0b3733e26297d6c56ada61ca\"},\"headline\":\"Non-GM Soy Conference 2025 betont die Widerstandsf\u00e4higkeit der Branche und die globale Zusammenarbeit\",\"datePublished\":\"2025-11-05T13:25:52+00:00\",\"dateModified\":\"2025-11-05T13:37:12+00:00\",\"mainEntityOfPage\":{\"@id\":\"https:\\\/\\\/www.donausoja.org\\\/de\\\/non-gm-soy-conference-2025-highlights-global-collaboration-and-sustainability-in-the-non-gmo-sector\\\/\"},\"wordCount\":592,\"image\":{\"@id\":\"https:\\\/\\\/www.donausoja.org\\\/de\\\/non-gm-soy-conference-2025-highlights-global-collaboration-and-sustainability-in-the-non-gmo-sector\\\/#primaryimage\"},\"thumbnailUrl\":\"https:\\\/\\\/www.donausoja.org\\\/wp-content\\\/uploads\\\/2025\\\/11\\\/Non-GM-Soy-Conference-2025.png\",\"articleSection\":[\"Presseaussendung\",\"Veranstaltung\"],\"inLanguage\":\"de\"},{\"@type\":\"WebPage\",\"@id\":\"https:\\\/\\\/www.donausoja.org\\\/de\\\/non-gm-soy-conference-2025-highlights-global-collaboration-and-sustainability-in-the-non-gmo-sector\\\/\",\"url\":\"https:\\\/\\\/www.donausoja.org\\\/de\\\/non-gm-soy-conference-2025-highlights-global-collaboration-and-sustainability-in-the-non-gmo-sector\\\/\",\"name\":\"Non-GM Soy Conference 2025 betont die Widerstandsf\u00e4higkeit der Branche und die globale Zusammenarbeit - Donau Soja\",\"isPartOf\":{\"@id\":\"https:\\\/\\\/www.donausoja.org\\\/de\\\/#website\"},\"primaryImageOfPage\":{\"@id\":\"https:\\\/\\\/www.donausoja.org\\\/de\\\/non-gm-soy-conference-2025-highlights-global-collaboration-and-sustainability-in-the-non-gmo-sector\\\/#primaryimage\"},\"image\":{\"@id\":\"https:\\\/\\\/www.donausoja.org\\\/de\\\/non-gm-soy-conference-2025-highlights-global-collaboration-and-sustainability-in-the-non-gmo-sector\\\/#primaryimage\"},\"thumbnailUrl\":\"https:\\\/\\\/www.donausoja.org\\\/wp-content\\\/uploads\\\/2025\\\/11\\\/Non-GM-Soy-Conference-2025.png\",\"datePublished\":\"2025-11-05T13:25:52+00:00\",\"dateModified\":\"2025-11-05T13:37:12+00:00\",\"author\":{\"@id\":\"https:\\\/\\\/www.donausoja.org\\\/de\\\/#\\\/schema\\\/person\\\/67e9cc2b0b3733e26297d6c56ada61ca\"},\"description\":\"The Non-GM Soy Conference 2025 in Frankfurt, organised by Donau Soja and ProTerra Foundation, brought together 88 participants from 21 countries to discuss non-GMO market trends, sustainability, and collaboration across the global supply chain.\",\"breadcrumb\":{\"@id\":\"https:\\\/\\\/www.donausoja.org\\\/de\\\/non-gm-soy-conference-2025-highlights-global-collaboration-and-sustainability-in-the-non-gmo-sector\\\/#breadcrumb\"},\"inLanguage\":\"de\",\"potentialAction\":[{\"@type\":\"ReadAction\",\"target\":[\"https:\\\/\\\/www.donausoja.org\\\/de\\\/non-gm-soy-conference-2025-highlights-global-collaboration-and-sustainability-in-the-non-gmo-sector\\\/\"]}]},{\"@type\":\"ImageObject\",\"inLanguage\":\"de\",\"@id\":\"https:\\\/\\\/www.donausoja.org\\\/de\\\/non-gm-soy-conference-2025-highlights-global-collaboration-and-sustainability-in-the-non-gmo-sector\\\/#primaryimage\",\"url\":\"https:\\\/\\\/www.donausoja.org\\\/wp-content\\\/uploads\\\/2025\\\/11\\\/Non-GM-Soy-Conference-2025.png\",\"contentUrl\":\"https:\\\/\\\/www.donausoja.org\\\/wp-content\\\/uploads\\\/2025\\\/11\\\/Non-GM-Soy-Conference-2025.png\",\"width\":800,\"height\":500,\"caption\":\"Industry leaders, speakers, and organisers at the Non-GM Soy Conference 2025 in Frankfurt, co-organised by Donau Soja and ProTerra Foundation.\"},{\"@type\":\"BreadcrumbList\",\"@id\":\"https:\\\/\\\/www.donausoja.org\\\/de\\\/non-gm-soy-conference-2025-highlights-global-collaboration-and-sustainability-in-the-non-gmo-sector\\\/#breadcrumb\",\"itemListElement\":[{\"@type\":\"ListItem\",\"position\":1,\"name\":\"Home\",\"item\":\"https:\\\/\\\/www.donausoja.org\\\/de\\\/\"},{\"@type\":\"ListItem\",\"position\":2,\"name\":\"Non-GM Soy Conference 2025 betont die Widerstandsf\u00e4higkeit der Branche und die globale Zusammenarbeit\"}]},{\"@type\":\"WebSite\",\"@id\":\"https:\\\/\\\/www.donausoja.org\\\/de\\\/#website\",\"url\":\"https:\\\/\\\/www.donausoja.org\\\/de\\\/\",\"name\":\"Donau Soja\",\"description\":\"Together for a European Protein Supply: Regional. Sustainable. Non-GM.\",\"potentialAction\":[{\"@type\":\"SearchAction\",\"target\":{\"@type\":\"EntryPoint\",\"urlTemplate\":\"https:\\\/\\\/www.donausoja.org\\\/de\\\/?s={search_term_string}\"},\"query-input\":{\"@type\":\"PropertyValueSpecification\",\"valueRequired\":true,\"valueName\":\"search_term_string\"}}],\"inLanguage\":\"de\"},{\"@type\":\"Person\",\"@id\":\"https:\\\/\\\/www.donausoja.org\\\/de\\\/#\\\/schema\\\/person\\\/67e9cc2b0b3733e26297d6c56ada61ca\",\"name\":\"Monika\",\"image\":{\"@type\":\"ImageObject\",\"inLanguage\":\"de\",\"@id\":\"https:\\\/\\\/secure.gravatar.com\\\/avatar\\\/fb34a3ee9896de4cd561b4c23693cb26ce170931428edf1d7cd5778232a62578?s=96&d=mm&r=g\",\"url\":\"https:\\\/\\\/secure.gravatar.com\\\/avatar\\\/fb34a3ee9896de4cd561b4c23693cb26ce170931428edf1d7cd5778232a62578?s=96&d=mm&r=g\",\"contentUrl\":\"https:\\\/\\\/secure.gravatar.com\\\/avatar\\\/fb34a3ee9896de4cd561b4c23693cb26ce170931428edf1d7cd5778232a62578?s=96&d=mm&r=g\",\"caption\":\"Monika\"},\"url\":\"https:\\\/\\\/www.donausoja.org\\\/de\\\/author\\\/monika\\\/\"}]}<\/script>\n<!-- \/ Yoast SEO plugin. -->","yoast_head_json":{"title":"Non-GM Soy Conference 2025 betont die Widerstandsf\u00e4higkeit der Branche und die globale Zusammenarbeit - Donau Soja","description":"The Non-GM Soy Conference 2025 in Frankfurt, organised by Donau Soja and ProTerra Foundation, brought together 88 participants from 21 countries to discuss non-GMO market trends, sustainability, and collaboration across the global supply chain.","robots":{"index":"index","follow":"follow","max-snippet":"max-snippet:-1","max-image-preview":"max-image-preview:large","max-video-preview":"max-video-preview:-1"},"canonical":"https:\/\/www.donausoja.org\/de\/non-gm-soy-conference-2025-highlights-global-collaboration-and-sustainability-in-the-non-gmo-sector\/","og_locale":"de_DE","og_type":"article","og_title":"Non-GM Soy Conference 2025 betont die Widerstandsf\u00e4higkeit der Branche und die globale Zusammenarbeit - Donau Soja","og_description":"The Non-GM Soy Conference 2025 in Frankfurt, organised by Donau Soja and ProTerra Foundation, brought together 88 participants from 21 countries to discuss non-GMO market trends, sustainability, and collaboration across the global supply chain.","og_url":"https:\/\/www.donausoja.org\/de\/non-gm-soy-conference-2025-highlights-global-collaboration-and-sustainability-in-the-non-gmo-sector\/","og_site_name":"Donau Soja","article_published_time":"2025-11-05T13:25:52+00:00","article_modified_time":"2025-11-05T13:37:12+00:00","og_image":[{"width":800,"height":500,"url":"https:\/\/www.donausoja.org\/wp-content\/uploads\/2025\/11\/Non-GM-Soy-Conference-2025.png","type":"image\/png"}],"author":"Monika","twitter_card":"summary_large_image","twitter_misc":{"Verfasst von":"Monika","Gesch\u00e4tzte Lesezeit":"4\u00a0Minuten"},"schema":{"@context":"https:\/\/schema.org","@graph":[{"@type":"Article","@id":"https:\/\/www.donausoja.org\/de\/non-gm-soy-conference-2025-highlights-global-collaboration-and-sustainability-in-the-non-gmo-sector\/#article","isPartOf":{"@id":"https:\/\/www.donausoja.org\/de\/non-gm-soy-conference-2025-highlights-global-collaboration-and-sustainability-in-the-non-gmo-sector\/"},"author":{"name":"Monika","@id":"https:\/\/www.donausoja.org\/de\/#\/schema\/person\/67e9cc2b0b3733e26297d6c56ada61ca"},"headline":"Non-GM Soy Conference 2025 betont die Widerstandsf\u00e4higkeit der Branche und die globale Zusammenarbeit","datePublished":"2025-11-05T13:25:52+00:00","dateModified":"2025-11-05T13:37:12+00:00","mainEntityOfPage":{"@id":"https:\/\/www.donausoja.org\/de\/non-gm-soy-conference-2025-highlights-global-collaboration-and-sustainability-in-the-non-gmo-sector\/"},"wordCount":592,"image":{"@id":"https:\/\/www.donausoja.org\/de\/non-gm-soy-conference-2025-highlights-global-collaboration-and-sustainability-in-the-non-gmo-sector\/#primaryimage"},"thumbnailUrl":"https:\/\/www.donausoja.org\/wp-content\/uploads\/2025\/11\/Non-GM-Soy-Conference-2025.png","articleSection":["Presseaussendung","Veranstaltung"],"inLanguage":"de"},{"@type":"WebPage","@id":"https:\/\/www.donausoja.org\/de\/non-gm-soy-conference-2025-highlights-global-collaboration-and-sustainability-in-the-non-gmo-sector\/","url":"https:\/\/www.donausoja.org\/de\/non-gm-soy-conference-2025-highlights-global-collaboration-and-sustainability-in-the-non-gmo-sector\/","name":"Non-GM Soy Conference 2025 betont die Widerstandsf\u00e4higkeit der Branche und die globale Zusammenarbeit - Donau Soja","isPartOf":{"@id":"https:\/\/www.donausoja.org\/de\/#website"},"primaryImageOfPage":{"@id":"https:\/\/www.donausoja.org\/de\/non-gm-soy-conference-2025-highlights-global-collaboration-and-sustainability-in-the-non-gmo-sector\/#primaryimage"},"image":{"@id":"https:\/\/www.donausoja.org\/de\/non-gm-soy-conference-2025-highlights-global-collaboration-and-sustainability-in-the-non-gmo-sector\/#primaryimage"},"thumbnailUrl":"https:\/\/www.donausoja.org\/wp-content\/uploads\/2025\/11\/Non-GM-Soy-Conference-2025.png","datePublished":"2025-11-05T13:25:52+00:00","dateModified":"2025-11-05T13:37:12+00:00","author":{"@id":"https:\/\/www.donausoja.org\/de\/#\/schema\/person\/67e9cc2b0b3733e26297d6c56ada61ca"},"description":"The Non-GM Soy Conference 2025 in Frankfurt, organised by Donau Soja and ProTerra Foundation, brought together 88 participants from 21 countries to discuss non-GMO market trends, sustainability, and collaboration across the global supply chain.","breadcrumb":{"@id":"https:\/\/www.donausoja.org\/de\/non-gm-soy-conference-2025-highlights-global-collaboration-and-sustainability-in-the-non-gmo-sector\/#breadcrumb"},"inLanguage":"de","potentialAction":[{"@type":"ReadAction","target":["https:\/\/www.donausoja.org\/de\/non-gm-soy-conference-2025-highlights-global-collaboration-and-sustainability-in-the-non-gmo-sector\/"]}]},{"@type":"ImageObject","inLanguage":"de","@id":"https:\/\/www.donausoja.org\/de\/non-gm-soy-conference-2025-highlights-global-collaboration-and-sustainability-in-the-non-gmo-sector\/#primaryimage","url":"https:\/\/www.donausoja.org\/wp-content\/uploads\/2025\/11\/Non-GM-Soy-Conference-2025.png","contentUrl":"https:\/\/www.donausoja.org\/wp-content\/uploads\/2025\/11\/Non-GM-Soy-Conference-2025.png","width":800,"height":500,"caption":"Industry leaders, speakers, and organisers at the Non-GM Soy Conference 2025 in Frankfurt, co-organised by Donau Soja and ProTerra Foundation."},{"@type":"BreadcrumbList","@id":"https:\/\/www.donausoja.org\/de\/non-gm-soy-conference-2025-highlights-global-collaboration-and-sustainability-in-the-non-gmo-sector\/#breadcrumb","itemListElement":[{"@type":"ListItem","position":1,"name":"Home","item":"https:\/\/www.donausoja.org\/de\/"},{"@type":"ListItem","position":2,"name":"Non-GM Soy Conference 2025 betont die Widerstandsf\u00e4higkeit der Branche und die globale Zusammenarbeit"}]},{"@type":"WebSite","@id":"https:\/\/www.donausoja.org\/de\/#website","url":"https:\/\/www.donausoja.org\/de\/","name":"Donau Soja","description":"Together for a European Protein Supply: Regional. Sustainable. Non-GM.","potentialAction":[{"@type":"SearchAction","target":{"@type":"EntryPoint","urlTemplate":"https:\/\/www.donausoja.org\/de\/?s={search_term_string}"},"query-input":{"@type":"PropertyValueSpecification","valueRequired":true,"valueName":"search_term_string"}}],"inLanguage":"de"},{"@type":"Person","@id":"https:\/\/www.donausoja.org\/de\/#\/schema\/person\/67e9cc2b0b3733e26297d6c56ada61ca","name":"Monika","image":{"@type":"ImageObject","inLanguage":"de","@id":"https:\/\/secure.gravatar.com\/avatar\/fb34a3ee9896de4cd561b4c23693cb26ce170931428edf1d7cd5778232a62578?s=96&d=mm&r=g","url":"https:\/\/secure.gravatar.com\/avatar\/fb34a3ee9896de4cd561b4c23693cb26ce170931428edf1d7cd5778232a62578?s=96&d=mm&r=g","contentUrl":"https:\/\/secure.gravatar.com\/avatar\/fb34a3ee9896de4cd561b4c23693cb26ce170931428edf1d7cd5778232a62578?s=96&d=mm&r=g","caption":"Monika"},"url":"https:\/\/www.donausoja.org\/de\/author\/monika\/"}]}},"_links":{"self":[{"href":"https:\/\/www.donausoja.org\/de\/wp-json\/wp\/v2\/posts\/63262","targetHints":{"allow":["GET"]}}],"collection":[{"href":"https:\/\/www.donausoja.org\/de\/wp-json\/wp\/v2\/posts"}],"about":[{"href":"https:\/\/www.donausoja.org\/de\/wp-json\/wp\/v2\/types\/post"}],"author":[{"embeddable":true,"href":"https:\/\/www.donausoja.org\/de\/wp-json\/wp\/v2\/users\/38"}],"replies":[{"embeddable":true,"href":"https:\/\/www.donausoja.org\/de\/wp-json\/wp\/v2\/comments?post=63262"}],"version-history":[{"count":6,"href":"https:\/\/www.donausoja.org\/de\/wp-json\/wp\/v2\/posts\/63262\/revisions"}],"predecessor-version":[{"id":63295,"href":"https:\/\/www.donausoja.org\/de\/wp-json\/wp\/v2\/posts\/63262\/revisions\/63295"}],"wp:featuredmedia":[{"embeddable":true,"href":"https:\/\/www.donausoja.org\/de\/wp-json\/wp\/v2\/media\/63274"}],"wp:attachment":[{"href":"https:\/\/www.donausoja.org\/de\/wp-json\/wp\/v2\/media?parent=63262"}],"wp:term":[{"taxonomy":"category","embeddable":true,"href":"https:\/\/www.donausoja.org\/de\/wp-json\/wp\/v2\/categories?post=63262"},{"taxonomy":"post_tag","embeddable":true,"href":"https:\/\/www.donausoja.org\/de\/wp-json\/wp\/v2\/tags?post=63262"}],"curies":[{"name":"wp","href":"https:\/\/api.w.org\/{rel}","templated":true}]}}