
{"id":62888,"date":"2025-10-29T11:29:00","date_gmt":"2025-10-29T11:29:00","guid":{"rendered":"https:\/\/www.donausoja.org\/?p=62888"},"modified":"2025-10-29T11:29:00","modified_gmt":"2025-10-29T11:29:00","slug":"internationale-konferenz-zur-zukunft-der-gentechnikfreien-ernaehrungssysteme","status":"publish","type":"post","link":"https:\/\/www.donausoja.org\/de\/internationale-konferenz-zur-zukunft-der-gentechnikfreien-ernaehrungssysteme\/","title":{"rendered":"Internationale Konferenz zur Zukunft der gentechnikfreien Ern\u00e4hrungssysteme"},"content":{"rendered":"<p><b><span data-contrast=\"auto\">Frankfurt\/Wien <\/span><\/b><b><span data-contrast=\"auto\">2<\/span><\/b><b><span data-contrast=\"auto\">9. Oktober 2025<\/span><\/b><span data-contrast=\"auto\"> \u2013 Die f\u00fchrenden europ\u00e4ischen Verb\u00e4nde und Organisationen der \u201eOhne Gentechnik\u201c- und nachhaltigen Sojawirtschaft laden am 4. November 2025 zur Non-GM Soy Conference 2025<\/span> <span data-contrast=\"auto\">nach Frankfurt am Main ein. Fachleute aus Handel und Industrie diskutieren aktuelle Marktentwicklungen, neue regulatorische Rahmenbedingungen und Strategien zur St\u00e4rkung gentechnikfreier und nachhaltiger Wertsch\u00f6pfungsketten in Europa und weltweit.<\/span><span data-ccp-props=\"{&quot;201341983&quot;:0,&quot;335559738&quot;:240,&quot;335559739&quot;:240,&quot;335559740&quot;:276}\">\u00a0<\/span><\/p>\n<p><span data-contrast=\"auto\">Im Mittelpunkt steht in diesem Jahr die Frage, wie Europas Agrar- und Lebensmittelwirtschaft in Zeiten globaler Krisen und wachsender Nachhaltigkeitsanforderungen die Versorgung mit gentechnikfreien Rohstoffen sichern kann. Neben politischen Entwicklungen rund um die Neue Gentechnik werden aktuelle Markttrends, Konsumentenerwartungen und Innovationen entlang der gesamten Wertsch\u00f6pfungskette vorgestellt \u2013 von der Z\u00fcchtung \u00fcber die Verarbeitung bis zum Handel.<\/span><span data-ccp-props=\"{&quot;201341983&quot;:0,&quot;335559738&quot;:240,&quot;335559739&quot;:240,&quot;335559740&quot;:276}\">\u00a0<\/span><\/p>\n<h3 aria-level=\"3\"><span style=\"color: #76b800;\">Hochkar\u00e4tige Sprecher:innen aus Wirtschaft, Wissenschaft und Zivilgesellschaft\u00a0<\/span><\/h3>\n<p><span data-contrast=\"auto\">Das Konferenzprogramm umfasst drei thematische Sessions mit Vortr\u00e4gen, Kurzstatements und einer Paneldiskussion.<\/span><span data-ccp-props=\"{&quot;201341983&quot;:0,&quot;335559738&quot;:240,&quot;335559739&quot;:240,&quot;335559740&quot;:276}\">\u00a0<\/span><\/p>\n<p><span data-contrast=\"auto\">Er\u00f6ffnet wird die Veranstaltung von der Journalistin <\/span><b><span data-contrast=\"auto\">Dr. Tanja Busse<\/span><\/b><span data-contrast=\"auto\">, die durch den Tag f\u00fchrt. Nach der Begr\u00fc\u00dfung durch <\/span><b><span data-contrast=\"auto\">Alexander Hissting<\/span><\/b><span data-contrast=\"auto\">, Gesch\u00e4ftsf\u00fchrer des Verbandes Lebensmittel ohne Gentechnik (VLOG), beleuchtet <\/span><b><span data-contrast=\"auto\">Robert Suter<\/span><\/b><span data-contrast=\"auto\"> (ISEAL) im Auftaktpanel die neuesten regulatorischen Entwicklungen und deren Auswirkungen auf die Branche.<\/span><span data-ccp-props=\"{&quot;134233117&quot;:true,&quot;134233118&quot;:true,&quot;201341983&quot;:0,&quot;335559740&quot;:276}\">\u00a0<\/span><\/p>\n<p><span data-contrast=\"auto\">Im zweiten Themenblock stehen Nachhaltigkeitsstandards und deren Beitrag zu glaubw\u00fcrdigen Lieferketten im Fokus. <\/span><b><span data-contrast=\"auto\">Emese van Maanen<\/span><\/b><span data-contrast=\"auto\"> (ProTerra Foundation) und <\/span><b><span data-contrast=\"auto\">Susanne Fromwald<\/span><\/b><span data-contrast=\"auto\"> (Donau Soja Organisation) sprechen \u00fcber R\u00fcckverfolgbarkeit, Non-GMO und die Verkn\u00fcpfung mit Sorgfaltspflichten. Weitere Einblicke in regionale Dynamiken des Futtermittelmarkts \u2013 zwischen Brasilien, der EU und der Ukraine \u2013 geben Vertreter von <\/span><b><span data-contrast=\"auto\">ADM Straubing, Bunge, Caramuru Alimentos<\/span><\/b><span data-contrast=\"auto\"> und <\/span><b><span data-contrast=\"auto\">Astarta Kyiv<\/span><\/b><span data-contrast=\"auto\">.<\/span><span data-ccp-props=\"{&quot;134233117&quot;:true,&quot;134233118&quot;:true,&quot;201341983&quot;:0,&quot;335559740&quot;:276}\">\u00a0<\/span><\/p>\n<h3><span style=\"color: #76b800;\">Paneldiskussion: Zwischen Mode und Wirkung \u2013 Wie nachhaltig ist \u201eOhne Gentechnik\u201c wirklich?\u00a0<\/span><\/h3>\n<p><span data-contrast=\"auto\">Der Nachmittag widmet sich der weltweiten Verf\u00fcgbarkeit von Non-GMO-Rohstoffen und pr\u00e4sentiert aktuelle Marktdaten und Analysen. Beitr\u00e4ge von <\/span><b><span data-contrast=\"auto\">Tom Boots<\/span><\/b><span data-contrast=\"auto\"> (Bunge), <\/span><b><span data-contrast=\"auto\">Bertalan Kruppa<\/span><\/b><span data-contrast=\"auto\"> (Donau Soja Organisation) und <\/span><b><span data-contrast=\"auto\">Daniele Marcomin<\/span><\/b><span data-contrast=\"auto\"> (Agriholism\/Oleificio San Giorgio) beleuchten Trends und Herausforderungen in der Beschaffung. In der anschlie\u00dfenden Paneldiskussion diskutieren Vertreter:innen aus Produktion, Handel und Konsum \u2013 darunter <\/span><b><span data-contrast=\"auto\">Will Schreiber<\/span><\/b><span data-contrast=\"auto\"> (3Keel Group\/Retail Soy Group<\/span><b><span data-contrast=\"auto\">), Claudia Brill<\/span><\/b><span data-contrast=\"auto\"> (QS Qualit\u00e4t und Sicherheit GmbH), <\/span><b><span data-contrast=\"auto\">Alexander Hissting<\/span><\/b><span data-contrast=\"auto\"> (VLOG) und <\/span><b><span data-contrast=\"auto\">Leif Kjetil Skj\u00e6veland<\/span><\/b><span data-contrast=\"auto\"> (Skretting) \u2013 \u00fcber die Frage, ob die Branche vor allem Marketing betreibt oder tats\u00e4chlich nachhaltige Gesch\u00e4ftsmodelle schafft.<\/span><span data-ccp-props=\"{&quot;134233117&quot;:true,&quot;134233118&quot;:true,&quot;201341983&quot;:0,&quot;335559740&quot;:276}\">\u00a0<\/span><\/p>\n<h3 aria-level=\"3\"><span style=\"color: #76b800;\">Wichtige Plattform f\u00fcr die Non-GMO-Branche\u00a0<\/span><\/h3>\n<p><span data-contrast=\"auto\">Non-GM Soy Conference 2025 bietet eine einzigartige Austauschplattform f\u00fcr Entscheider:innen entlang der gesamten Wertsch\u00f6pfungskette \u2013 von der Landwirtschaft bis zum Lebensmitteleinzelhandel. Themen wie Transparenz, R\u00fcckverfolgbarkeit, nachhaltige Beschaffung und Verbraucherkommunikation stehen ebenso im Fokus wie neue Anforderungen aus Politik und Markt.<\/span><span data-ccp-props=\"{&quot;201341983&quot;:0,&quot;335559738&quot;:240,&quot;335559739&quot;:240,&quot;335559740&quot;:276}\">\u00a0<\/span><\/p>\n<p><span data-contrast=\"auto\">Organisiert wird die Konferenz von den f\u00fchrenden europ\u00e4ischen Verb\u00e4nden Donau Soja und der <a href=\"https:\/\/www.proterrafoundation.org\/\" target=\"_blank\" rel=\"noopener\">ProTerra Foundation.<\/a><\/span><span data-ccp-props=\"{&quot;201341983&quot;:0,&quot;335559738&quot;:240,&quot;335559739&quot;:240,&quot;335559740&quot;:276}\">\u00a0<\/span><\/p>\n<p><span data-contrast=\"auto\">Das vollst\u00e4ndige Programm und die Anmeldung finden Sie unter:<\/span><br \/>\n<a href=\"https:\/\/www.nongmomarket.com\/\"><span data-contrast=\"none\">www.nongmomarket.com<\/span><\/a><span data-ccp-props=\"{&quot;201341983&quot;:0,&quot;335559738&quot;:240,&quot;335559739&quot;:240,&quot;335559740&quot;:276}\">\u00a0<\/span><\/p>\n<p><b><span data-contrast=\"auto\">Non-GM Soy Conference 2025<\/span><\/b><br \/>\n<span data-contrast=\"auto\">Datum: 4. November 2025<\/span><br \/>\n<span data-contrast=\"auto\">Ort: Crowne Plaza Kongresshotel, Lyoner Strasse 44\u201348, 60528 Frankfurt am Main<\/span><span data-ccp-props=\"{&quot;201341983&quot;:0,&quot;335559738&quot;:240,&quot;335559739&quot;:240,&quot;335559740&quot;:276}\">\u00a0<\/span><\/p>\n<p><a href=\"https:\/\/www.donausoja.org\/wp-content\/uploads\/2025\/10\/20251029_Non-GM_SoyConference_2025-DE.pdf\" target=\"_blank\" rel=\"noopener\">Download Presseaussendung<\/a><\/p>\n<p><b><span data-contrast=\"auto\">Weitere Anfragen und Intervieww\u00fcnsche:<\/span><\/b><br \/>\n<span data-contrast=\"auto\">Alexander M\u00fchr<\/span><br \/>\n<span data-contrast=\"auto\">Director Marketing &amp; Communications, Donau Soja<\/span><br \/>\n<span data-contrast=\"auto\">Wiesingerstra\u00dfe 6\/14, 1010 Wien, \u00d6sterreich<\/span><br \/>\n<span data-contrast=\"auto\">Mobil: +43 664 889 612 98<\/span><br \/>\n<span data-contrast=\"auto\">E-Mail: <\/span><a href=\"mailto:muehr@donausoja.org\"><span data-contrast=\"none\">muehr@donausoja.org<\/span><\/a><span data-contrast=\"auto\"> oder <\/span><a href=\"mailto:presse@donausoja.org\"><span data-contrast=\"none\">presse@donausoja.org<\/span><\/a><br \/>\n<span data-contrast=\"auto\">Webseite: <\/span><a href=\"http:\/\/www.donausoja.org\"><span data-contrast=\"none\">www.donausoja.org<\/span><\/a><span data-ccp-props=\"{&quot;201341983&quot;:0,&quot;335559740&quot;:276}\">\u00a0<\/span><\/p>\n","protected":false},"excerpt":{"rendered":"<p>Frankfurt\/Wien 29. Oktober 2025 \u2013 Die f\u00fchrenden europ\u00e4ischen Verb\u00e4nde und Organisationen der \u201eOhne Gentechnik\u201c- und nachhaltigen Sojawirtschaft laden am 4. November 2025 zur Non-GM Soy Conference 2025 nach Frankfurt am Main ein. Fachleute aus Handel und Industrie diskutieren aktuelle Marktentwicklungen, neue regulatorische Rahmenbedingungen und Strategien zur St\u00e4rkung gentechnikfreier und nachhaltiger Wertsch\u00f6pfungsketten in Europa und weltweit.\u00a0 [&hellip;]<\/p>\n","protected":false},"author":38,"featured_media":62865,"comment_status":"closed","ping_status":"closed","sticky":false,"template":"","format":"standard","meta":{"_et_pb_use_builder":"","_et_pb_old_content":"","_et_gb_content_width":"","footnotes":""},"categories":[492,505],"tags":[],"class_list":["post-62888","post","type-post","status-publish","format-standard","has-post-thumbnail","hentry","category-presseausendung","category-veranstaltung"],"yoast_head":"<!-- This site is optimized with the Yoast SEO plugin v27.4 - https:\/\/yoast.com\/product\/yoast-seo-wordpress\/ -->\n<title>Internationale Konferenz zur Zukunft der gentechnikfreien Ern\u00e4hrungssysteme - Donau Soja<\/title>\n<meta name=\"description\" content=\"Join the Non-GM Soy Conference 2025 in Frankfurt \u2013 co-organised by Donau Soja and ProTerra Foundation. Explore market trends, sustainability strategies, and new regulatory frameworks shaping Europe\u2019s non-GM soya supply chains.\" \/>\n<meta name=\"robots\" content=\"index, follow, max-snippet:-1, max-image-preview:large, max-video-preview:-1\" \/>\n<link rel=\"canonical\" href=\"https:\/\/www.donausoja.org\/de\/internationale-konferenz-zur-zukunft-der-gentechnikfreien-ernaehrungssysteme\/\" \/>\n<meta property=\"og:locale\" content=\"de_DE\" \/>\n<meta property=\"og:type\" content=\"article\" \/>\n<meta property=\"og:title\" content=\"Internationale Konferenz zur Zukunft der gentechnikfreien Ern\u00e4hrungssysteme - Donau Soja\" \/>\n<meta property=\"og:description\" content=\"Join the Non-GM Soy Conference 2025 in Frankfurt \u2013 co-organised by Donau Soja and ProTerra Foundation. Explore market trends, sustainability strategies, and new regulatory frameworks shaping Europe\u2019s non-GM soya supply chains.\" \/>\n<meta property=\"og:url\" content=\"https:\/\/www.donausoja.org\/de\/internationale-konferenz-zur-zukunft-der-gentechnikfreien-ernaehrungssysteme\/\" \/>\n<meta property=\"og:site_name\" content=\"Donau Soja\" \/>\n<meta property=\"article:published_time\" content=\"2025-10-29T11:29:00+00:00\" \/>\n<meta property=\"og:image\" content=\"https:\/\/www.donausoja.org\/wp-content\/uploads\/2025\/10\/Event-PR_Non-GM-Soy-Conference.png\" \/>\n\t<meta property=\"og:image:width\" content=\"800\" \/>\n\t<meta property=\"og:image:height\" content=\"500\" \/>\n\t<meta property=\"og:image:type\" content=\"image\/png\" \/>\n<meta name=\"author\" content=\"Monika\" \/>\n<meta name=\"twitter:card\" content=\"summary_large_image\" \/>\n<meta name=\"twitter:label1\" content=\"Verfasst von\" \/>\n\t<meta name=\"twitter:data1\" content=\"Monika\" \/>\n\t<meta name=\"twitter:label2\" content=\"Gesch\u00e4tzte Lesezeit\" \/>\n\t<meta name=\"twitter:data2\" content=\"3\u00a0Minuten\" \/>\n<script type=\"application\/ld+json\" class=\"yoast-schema-graph\">{\"@context\":\"https:\\\/\\\/schema.org\",\"@graph\":[{\"@type\":\"Article\",\"@id\":\"https:\\\/\\\/www.donausoja.org\\\/de\\\/internationale-konferenz-zur-zukunft-der-gentechnikfreien-ernaehrungssysteme\\\/#article\",\"isPartOf\":{\"@id\":\"https:\\\/\\\/www.donausoja.org\\\/de\\\/internationale-konferenz-zur-zukunft-der-gentechnikfreien-ernaehrungssysteme\\\/\"},\"author\":{\"name\":\"Monika\",\"@id\":\"https:\\\/\\\/www.donausoja.org\\\/de\\\/#\\\/schema\\\/person\\\/67e9cc2b0b3733e26297d6c56ada61ca\"},\"headline\":\"Internationale Konferenz zur Zukunft der gentechnikfreien Ern\u00e4hrungssysteme\",\"datePublished\":\"2025-10-29T11:29:00+00:00\",\"mainEntityOfPage\":{\"@id\":\"https:\\\/\\\/www.donausoja.org\\\/de\\\/internationale-konferenz-zur-zukunft-der-gentechnikfreien-ernaehrungssysteme\\\/\"},\"wordCount\":487,\"image\":{\"@id\":\"https:\\\/\\\/www.donausoja.org\\\/de\\\/internationale-konferenz-zur-zukunft-der-gentechnikfreien-ernaehrungssysteme\\\/#primaryimage\"},\"thumbnailUrl\":\"https:\\\/\\\/www.donausoja.org\\\/wp-content\\\/uploads\\\/2025\\\/10\\\/Event-PR_Non-GM-Soy-Conference.png\",\"articleSection\":[\"Presseaussendung\",\"Veranstaltung\"],\"inLanguage\":\"de\"},{\"@type\":\"WebPage\",\"@id\":\"https:\\\/\\\/www.donausoja.org\\\/de\\\/internationale-konferenz-zur-zukunft-der-gentechnikfreien-ernaehrungssysteme\\\/\",\"url\":\"https:\\\/\\\/www.donausoja.org\\\/de\\\/internationale-konferenz-zur-zukunft-der-gentechnikfreien-ernaehrungssysteme\\\/\",\"name\":\"Internationale Konferenz zur Zukunft der gentechnikfreien Ern\u00e4hrungssysteme - Donau Soja\",\"isPartOf\":{\"@id\":\"https:\\\/\\\/www.donausoja.org\\\/de\\\/#website\"},\"primaryImageOfPage\":{\"@id\":\"https:\\\/\\\/www.donausoja.org\\\/de\\\/internationale-konferenz-zur-zukunft-der-gentechnikfreien-ernaehrungssysteme\\\/#primaryimage\"},\"image\":{\"@id\":\"https:\\\/\\\/www.donausoja.org\\\/de\\\/internationale-konferenz-zur-zukunft-der-gentechnikfreien-ernaehrungssysteme\\\/#primaryimage\"},\"thumbnailUrl\":\"https:\\\/\\\/www.donausoja.org\\\/wp-content\\\/uploads\\\/2025\\\/10\\\/Event-PR_Non-GM-Soy-Conference.png\",\"datePublished\":\"2025-10-29T11:29:00+00:00\",\"author\":{\"@id\":\"https:\\\/\\\/www.donausoja.org\\\/de\\\/#\\\/schema\\\/person\\\/67e9cc2b0b3733e26297d6c56ada61ca\"},\"description\":\"Join the Non-GM Soy Conference 2025 in Frankfurt \u2013 co-organised by Donau Soja and ProTerra Foundation. Explore market trends, sustainability strategies, and new regulatory frameworks shaping Europe\u2019s non-GM soya supply chains.\",\"breadcrumb\":{\"@id\":\"https:\\\/\\\/www.donausoja.org\\\/de\\\/internationale-konferenz-zur-zukunft-der-gentechnikfreien-ernaehrungssysteme\\\/#breadcrumb\"},\"inLanguage\":\"de\",\"potentialAction\":[{\"@type\":\"ReadAction\",\"target\":[\"https:\\\/\\\/www.donausoja.org\\\/de\\\/internationale-konferenz-zur-zukunft-der-gentechnikfreien-ernaehrungssysteme\\\/\"]}]},{\"@type\":\"ImageObject\",\"inLanguage\":\"de\",\"@id\":\"https:\\\/\\\/www.donausoja.org\\\/de\\\/internationale-konferenz-zur-zukunft-der-gentechnikfreien-ernaehrungssysteme\\\/#primaryimage\",\"url\":\"https:\\\/\\\/www.donausoja.org\\\/wp-content\\\/uploads\\\/2025\\\/10\\\/Event-PR_Non-GM-Soy-Conference.png\",\"contentUrl\":\"https:\\\/\\\/www.donausoja.org\\\/wp-content\\\/uploads\\\/2025\\\/10\\\/Event-PR_Non-GM-Soy-Conference.png\",\"width\":800,\"height\":500,\"caption\":\"Non-GM Soy Conference 2025 \u2013 Market update and developments in sustainability. \ud83d\udccd 4 November 2025, Frankfurt, Germany | Co-organised by ProTerra Foundation and Donau Soja\"},{\"@type\":\"BreadcrumbList\",\"@id\":\"https:\\\/\\\/www.donausoja.org\\\/de\\\/internationale-konferenz-zur-zukunft-der-gentechnikfreien-ernaehrungssysteme\\\/#breadcrumb\",\"itemListElement\":[{\"@type\":\"ListItem\",\"position\":1,\"name\":\"Home\",\"item\":\"https:\\\/\\\/www.donausoja.org\\\/de\\\/\"},{\"@type\":\"ListItem\",\"position\":2,\"name\":\"Internationale Konferenz zur Zukunft der gentechnikfreien Ern\u00e4hrungssysteme\"}]},{\"@type\":\"WebSite\",\"@id\":\"https:\\\/\\\/www.donausoja.org\\\/de\\\/#website\",\"url\":\"https:\\\/\\\/www.donausoja.org\\\/de\\\/\",\"name\":\"Donau Soja\",\"description\":\"Together for a European Protein Supply: Regional. Sustainable. Non-GM.\",\"potentialAction\":[{\"@type\":\"SearchAction\",\"target\":{\"@type\":\"EntryPoint\",\"urlTemplate\":\"https:\\\/\\\/www.donausoja.org\\\/de\\\/?s={search_term_string}\"},\"query-input\":{\"@type\":\"PropertyValueSpecification\",\"valueRequired\":true,\"valueName\":\"search_term_string\"}}],\"inLanguage\":\"de\"},{\"@type\":\"Person\",\"@id\":\"https:\\\/\\\/www.donausoja.org\\\/de\\\/#\\\/schema\\\/person\\\/67e9cc2b0b3733e26297d6c56ada61ca\",\"name\":\"Monika\",\"image\":{\"@type\":\"ImageObject\",\"inLanguage\":\"de\",\"@id\":\"https:\\\/\\\/secure.gravatar.com\\\/avatar\\\/fb34a3ee9896de4cd561b4c23693cb26ce170931428edf1d7cd5778232a62578?s=96&d=mm&r=g\",\"url\":\"https:\\\/\\\/secure.gravatar.com\\\/avatar\\\/fb34a3ee9896de4cd561b4c23693cb26ce170931428edf1d7cd5778232a62578?s=96&d=mm&r=g\",\"contentUrl\":\"https:\\\/\\\/secure.gravatar.com\\\/avatar\\\/fb34a3ee9896de4cd561b4c23693cb26ce170931428edf1d7cd5778232a62578?s=96&d=mm&r=g\",\"caption\":\"Monika\"},\"url\":\"https:\\\/\\\/www.donausoja.org\\\/de\\\/author\\\/monika\\\/\"}]}<\/script>\n<!-- \/ Yoast SEO plugin. -->","yoast_head_json":{"title":"Internationale Konferenz zur Zukunft der gentechnikfreien Ern\u00e4hrungssysteme - Donau Soja","description":"Join the Non-GM Soy Conference 2025 in Frankfurt \u2013 co-organised by Donau Soja and ProTerra Foundation. Explore market trends, sustainability strategies, and new regulatory frameworks shaping Europe\u2019s non-GM soya supply chains.","robots":{"index":"index","follow":"follow","max-snippet":"max-snippet:-1","max-image-preview":"max-image-preview:large","max-video-preview":"max-video-preview:-1"},"canonical":"https:\/\/www.donausoja.org\/de\/internationale-konferenz-zur-zukunft-der-gentechnikfreien-ernaehrungssysteme\/","og_locale":"de_DE","og_type":"article","og_title":"Internationale Konferenz zur Zukunft der gentechnikfreien Ern\u00e4hrungssysteme - Donau Soja","og_description":"Join the Non-GM Soy Conference 2025 in Frankfurt \u2013 co-organised by Donau Soja and ProTerra Foundation. Explore market trends, sustainability strategies, and new regulatory frameworks shaping Europe\u2019s non-GM soya supply chains.","og_url":"https:\/\/www.donausoja.org\/de\/internationale-konferenz-zur-zukunft-der-gentechnikfreien-ernaehrungssysteme\/","og_site_name":"Donau Soja","article_published_time":"2025-10-29T11:29:00+00:00","og_image":[{"width":800,"height":500,"url":"https:\/\/www.donausoja.org\/wp-content\/uploads\/2025\/10\/Event-PR_Non-GM-Soy-Conference.png","type":"image\/png"}],"author":"Monika","twitter_card":"summary_large_image","twitter_misc":{"Verfasst von":"Monika","Gesch\u00e4tzte Lesezeit":"3\u00a0Minuten"},"schema":{"@context":"https:\/\/schema.org","@graph":[{"@type":"Article","@id":"https:\/\/www.donausoja.org\/de\/internationale-konferenz-zur-zukunft-der-gentechnikfreien-ernaehrungssysteme\/#article","isPartOf":{"@id":"https:\/\/www.donausoja.org\/de\/internationale-konferenz-zur-zukunft-der-gentechnikfreien-ernaehrungssysteme\/"},"author":{"name":"Monika","@id":"https:\/\/www.donausoja.org\/de\/#\/schema\/person\/67e9cc2b0b3733e26297d6c56ada61ca"},"headline":"Internationale Konferenz zur Zukunft der gentechnikfreien Ern\u00e4hrungssysteme","datePublished":"2025-10-29T11:29:00+00:00","mainEntityOfPage":{"@id":"https:\/\/www.donausoja.org\/de\/internationale-konferenz-zur-zukunft-der-gentechnikfreien-ernaehrungssysteme\/"},"wordCount":487,"image":{"@id":"https:\/\/www.donausoja.org\/de\/internationale-konferenz-zur-zukunft-der-gentechnikfreien-ernaehrungssysteme\/#primaryimage"},"thumbnailUrl":"https:\/\/www.donausoja.org\/wp-content\/uploads\/2025\/10\/Event-PR_Non-GM-Soy-Conference.png","articleSection":["Presseaussendung","Veranstaltung"],"inLanguage":"de"},{"@type":"WebPage","@id":"https:\/\/www.donausoja.org\/de\/internationale-konferenz-zur-zukunft-der-gentechnikfreien-ernaehrungssysteme\/","url":"https:\/\/www.donausoja.org\/de\/internationale-konferenz-zur-zukunft-der-gentechnikfreien-ernaehrungssysteme\/","name":"Internationale Konferenz zur Zukunft der gentechnikfreien Ern\u00e4hrungssysteme - Donau Soja","isPartOf":{"@id":"https:\/\/www.donausoja.org\/de\/#website"},"primaryImageOfPage":{"@id":"https:\/\/www.donausoja.org\/de\/internationale-konferenz-zur-zukunft-der-gentechnikfreien-ernaehrungssysteme\/#primaryimage"},"image":{"@id":"https:\/\/www.donausoja.org\/de\/internationale-konferenz-zur-zukunft-der-gentechnikfreien-ernaehrungssysteme\/#primaryimage"},"thumbnailUrl":"https:\/\/www.donausoja.org\/wp-content\/uploads\/2025\/10\/Event-PR_Non-GM-Soy-Conference.png","datePublished":"2025-10-29T11:29:00+00:00","author":{"@id":"https:\/\/www.donausoja.org\/de\/#\/schema\/person\/67e9cc2b0b3733e26297d6c56ada61ca"},"description":"Join the Non-GM Soy Conference 2025 in Frankfurt \u2013 co-organised by Donau Soja and ProTerra Foundation. Explore market trends, sustainability strategies, and new regulatory frameworks shaping Europe\u2019s non-GM soya supply chains.","breadcrumb":{"@id":"https:\/\/www.donausoja.org\/de\/internationale-konferenz-zur-zukunft-der-gentechnikfreien-ernaehrungssysteme\/#breadcrumb"},"inLanguage":"de","potentialAction":[{"@type":"ReadAction","target":["https:\/\/www.donausoja.org\/de\/internationale-konferenz-zur-zukunft-der-gentechnikfreien-ernaehrungssysteme\/"]}]},{"@type":"ImageObject","inLanguage":"de","@id":"https:\/\/www.donausoja.org\/de\/internationale-konferenz-zur-zukunft-der-gentechnikfreien-ernaehrungssysteme\/#primaryimage","url":"https:\/\/www.donausoja.org\/wp-content\/uploads\/2025\/10\/Event-PR_Non-GM-Soy-Conference.png","contentUrl":"https:\/\/www.donausoja.org\/wp-content\/uploads\/2025\/10\/Event-PR_Non-GM-Soy-Conference.png","width":800,"height":500,"caption":"Non-GM Soy Conference 2025 \u2013 Market update and developments in sustainability. \ud83d\udccd 4 November 2025, Frankfurt, Germany | Co-organised by ProTerra Foundation and Donau Soja"},{"@type":"BreadcrumbList","@id":"https:\/\/www.donausoja.org\/de\/internationale-konferenz-zur-zukunft-der-gentechnikfreien-ernaehrungssysteme\/#breadcrumb","itemListElement":[{"@type":"ListItem","position":1,"name":"Home","item":"https:\/\/www.donausoja.org\/de\/"},{"@type":"ListItem","position":2,"name":"Internationale Konferenz zur Zukunft der gentechnikfreien Ern\u00e4hrungssysteme"}]},{"@type":"WebSite","@id":"https:\/\/www.donausoja.org\/de\/#website","url":"https:\/\/www.donausoja.org\/de\/","name":"Donau Soja","description":"Together for a European Protein Supply: Regional. Sustainable. Non-GM.","potentialAction":[{"@type":"SearchAction","target":{"@type":"EntryPoint","urlTemplate":"https:\/\/www.donausoja.org\/de\/?s={search_term_string}"},"query-input":{"@type":"PropertyValueSpecification","valueRequired":true,"valueName":"search_term_string"}}],"inLanguage":"de"},{"@type":"Person","@id":"https:\/\/www.donausoja.org\/de\/#\/schema\/person\/67e9cc2b0b3733e26297d6c56ada61ca","name":"Monika","image":{"@type":"ImageObject","inLanguage":"de","@id":"https:\/\/secure.gravatar.com\/avatar\/fb34a3ee9896de4cd561b4c23693cb26ce170931428edf1d7cd5778232a62578?s=96&d=mm&r=g","url":"https:\/\/secure.gravatar.com\/avatar\/fb34a3ee9896de4cd561b4c23693cb26ce170931428edf1d7cd5778232a62578?s=96&d=mm&r=g","contentUrl":"https:\/\/secure.gravatar.com\/avatar\/fb34a3ee9896de4cd561b4c23693cb26ce170931428edf1d7cd5778232a62578?s=96&d=mm&r=g","caption":"Monika"},"url":"https:\/\/www.donausoja.org\/de\/author\/monika\/"}]}},"_links":{"self":[{"href":"https:\/\/www.donausoja.org\/de\/wp-json\/wp\/v2\/posts\/62888","targetHints":{"allow":["GET"]}}],"collection":[{"href":"https:\/\/www.donausoja.org\/de\/wp-json\/wp\/v2\/posts"}],"about":[{"href":"https:\/\/www.donausoja.org\/de\/wp-json\/wp\/v2\/types\/post"}],"author":[{"embeddable":true,"href":"https:\/\/www.donausoja.org\/de\/wp-json\/wp\/v2\/users\/38"}],"replies":[{"embeddable":true,"href":"https:\/\/www.donausoja.org\/de\/wp-json\/wp\/v2\/comments?post=62888"}],"version-history":[{"count":1,"href":"https:\/\/www.donausoja.org\/de\/wp-json\/wp\/v2\/posts\/62888\/revisions"}],"predecessor-version":[{"id":62889,"href":"https:\/\/www.donausoja.org\/de\/wp-json\/wp\/v2\/posts\/62888\/revisions\/62889"}],"wp:featuredmedia":[{"embeddable":true,"href":"https:\/\/www.donausoja.org\/de\/wp-json\/wp\/v2\/media\/62865"}],"wp:attachment":[{"href":"https:\/\/www.donausoja.org\/de\/wp-json\/wp\/v2\/media?parent=62888"}],"wp:term":[{"taxonomy":"category","embeddable":true,"href":"https:\/\/www.donausoja.org\/de\/wp-json\/wp\/v2\/categories?post=62888"},{"taxonomy":"post_tag","embeddable":true,"href":"https:\/\/www.donausoja.org\/de\/wp-json\/wp\/v2\/tags?post=62888"}],"curies":[{"name":"wp","href":"https:\/\/api.w.org\/{rel}","templated":true}]}}