
{"id":48357,"date":"2024-09-24T08:33:02","date_gmt":"2024-09-24T08:33:02","guid":{"rendered":"https:\/\/www.donausoja.org\/non-gmo-industry-meets-for-the-international-non-gmo-summit\/"},"modified":"2024-09-24T09:09:04","modified_gmt":"2024-09-24T09:09:04","slug":"non-gmo-industry-meets-for-the-international-non-gmo-summit","status":"publish","type":"post","link":"https:\/\/www.donausoja.org\/de\/non-gmo-industry-meets-for-the-international-non-gmo-summit\/","title":{"rendered":"\u201eOhne-Gentechnik\u201c-Wirtschaft trifft sich zum International Non-GMO Summit"},"content":{"rendered":"<p><em>Updates zu neuen Gentechnikverfahren, EU-Verordnung, Markt- und Wissenschaftsperspektiven \u2013 mit einem internationalen Fachpublikum<\/em><\/p>\n<p>Frankfurt. Die f\u00fchrenden europ\u00e4ischen Verb\u00e4nde der \u201eOhne Gentechnik\u201c-Wirtschaft laden am 7. und 8. Oktober 2024 zum <strong>\u201eInternational Non-GMO Summit 2024\u201c<\/strong> nach Frankfurt am Main ein. Internationale Expert:innen aus Politik, Wirtschaft, landwirtschaftlicher Produktion und Wissenschaft informieren zu Trends der \u201eOhne-Gentechnik\u201c-M\u00e4rkte weltweit und zur aktuellen Debatte um neue Gentechnikverfahren (NGTs) in der EU.<\/p>\n<p>In einem aktuellen offenen Brief an die EU-Agrarminister:innen verlangt die europ\u00e4ische Lebensmittelwirtschaft mit Nachdruck eine \u00dcberpr\u00fcfung der geplanten Revision des EU-Gentechnikrechts. Die 376 unterzeichnenden Unternehmen aus 16 EU-Mitgliedsstaaten, darunter auch gro\u00dfe Handelsunternehmen und Branchenf\u00fchrer der Lebensmittelwirtschaft, fordern weitreichende Ma\u00dfnahmen, um die Herstellung von Lebensmitteln ohne Gentechnik weiterhin transparent, r\u00fcckverfolgbar und sicher zu gew\u00e4hrleisten. <strong>Dr. Istv\u00e1n Nagy,<\/strong> derzeitiger EU-Ratsvorsitzender f\u00fcr Landwirtschaft und Fischerei begr\u00fc\u00dfte die Initiative bei der pers\u00f6nlichen \u00dcbergabe des Dokuments und zeigte sich bereit, die Anliegen der Unternehmen zu unterst\u00fctzen.<\/p>\n<p><strong>\u201eOhne Gentechnik\u201c im Fokus von Politik und Wirtschaft<\/strong><\/p>\n<p>Der Non-GMO Summit bringt<strong>\u00a0<\/strong>Schl\u00fcsselakteure<strong>\u00a0<\/strong>aus der internationalen Politik, Erzeuger und Handelsunternehmen des Ohne-Gentechnik-Sektors sowie verschiedene wissenschaftliche Disziplinen zusammen und best\u00e4tigt damit die die hohe Relevanz der Themen rund um die neue Gentechnik. <strong>Dr. Nagy <\/strong>wird den Summit in Frankfurt mit einem Gru\u00dfwort er\u00f6ffnen. Das deutsche <strong>Bundesministerium f\u00fcr Ern\u00e4hrung und Landwirtschaft <\/strong>(BMEL) und das <strong>deutsche Bundesamt f\u00fcr Naturschutz<\/strong> (BfN) sowie das <strong>\u00f6sterreichische Verbraucherschutzministerium<\/strong> werden ebenfalls beim Summit vertreten sein. Zudem werden <strong>Vertreter der \u201eOhne-Gentechnik\u201c-Wirtschaft aus Brasilien und den USA<\/strong> sowie eine <strong>Wirtschaftsdelegation der Republik Moldau<\/strong> teilnehmen.<\/p>\n<p><strong>Der Erfolg des gentechnikfreien Marktes ist in Gefahr<\/strong><\/p>\n<p>Seit \u00fcber 20 Jahren konnte die Gentechnik in Europa nicht Fu\u00df fassen, weil weite Teile der Lebensmittelindustrie und des Einzelhandels klare und solide Richtlinien f\u00fcr gentechnikfreie Produkte haben und die Herstellung oder Listung von Produkten, die Gentechnik enthalten, ablehnen. Dar\u00fcber hinaus lehnt eine gro\u00dfe Mehrheit der europ\u00e4ischen Verbraucher:innen die Verwendung von Gentechnik in Lebensmitteln und in der Landwirtschaft ab.* Transparenz und Kennzeichnung sind unerl\u00e4sslich, damit Landwirt:innen, Lebensmittelproduzent:innen und Verbraucher:innen eine fundierte Entscheidung treffen und ihr Recht auf Wahlfreiheit aus\u00fcben k\u00f6nnen. Wo GVO-Pflanzen angebaut werden, war und ist ihre Einf\u00fchrung von Misserfolgen gepr\u00e4gt. Die vielf\u00e4ltigen Versprechungen der Gentechnikindustrie sind bisher weitgehend unerf\u00fcllt geblieben.\u00a0Beim Non-GMO Summit\u00a0werden Wirtschaftsvertreter:innen mit internationalem Renommee zu Wort\u00a0kommen, die sich berechtigte Sorgen um ihr gentechnikfreies Produktportfolio machen und f\u00fcrchten, das Vertrauen\u00a0ihrer Kund:innen zu verlieren.<\/p>\n<p><strong>Hintergrundinformationen<\/strong><\/p>\n<p>*European Greens 2021: GMO survey consumer attitudes (Englisch)<br \/>\n<a href=\"https:\/\/www.greens-efa.eu\/files\/assets\/docs\/gmo_survey_data_30032021.pdf\">https:\/\/www.greens-efa.eu\/files\/assets\/docs\/gmo_survey_data_30032021.pdf<\/a><\/p>\n<p>*Verband Lebensmittel ohne Gentechnik, September 2023: Umfrage: Fast alle wollen Kennzeichnung und Risikopr\u00fcfung f\u00fcr neue Gentechnik<br \/>\n<a href=\"https:\/\/www.ohnegentechnik.org\/artikel\/umfrage-fast-alle-wollen-kennzeichnung-und-risikopruefung-fuer-neue-gentechnik\">https:\/\/www.ohnegentechnik.org\/artikel\/umfrage-fast-alle-wollen-kennzeichnung-und-risikopruefung-fuer-neue-gentechnik<\/a><\/p>\n<p><u>*ARGE Gentechnikfrei: Marktforschungsergebnisse aus \u00d6sterreich, Juli 2023<\/u><br \/>\n<a href=\"https:\/\/gentechnikfrei.at\/umfrage-zur-neuen-gentechnik-konsumentinnen-wollen-transparenz-kontrolle-und-kennzeichnung\/\">https:\/\/gentechnikfrei.at\/umfrage-zur-neuen-gentechnik-konsumentinnen-wollen-transparenz-kontrolle-und-kennzeichnung\/<\/a><\/p>\n<p><strong>Das vollst\u00e4ndige Programm der Konferenz und alle wichtigen Informationen finden Sie unter <\/strong><a href=\"http:\/\/www.nongmosummit.com\"><strong>www.nongmosummit.com<\/strong><\/a><strong>.<\/strong><\/p>\n<p><strong>International Non-GMO-Summit 2024<\/strong><\/p>\n<p>Termin: 7. und 8. Oktober 2024<br \/>\nOrt: Crowne Plaza Kongresshotel, Lyoner Stra\u00dfe 44-48, 60528 Frankfurt am Main<br \/>\nThema\/Titel: <strong>\u201eDie Zukunft der gentechnikfreien Produktion: Herausforderungen, <\/strong><strong>regulatorischer Ausblick und Marktpotenzial\u201c<\/strong><\/p>\n<p><strong>\u00a0<\/strong>Der \u201eInternational Non-GMO Summit\u201c wird von den wichtigsten Wirtschaftsverb\u00e4nden des<br \/>\n\u201eOhne Gentechnik\u201c-Marktes veranstaltet: <a href=\"https:\/\/www.ohnegentechnik.org\/\">Verband Lebensmittel ohne Gentechnik <\/a>(VLOG), <a href=\"https:\/\/gentechnikfrei.at\/\">ARGE Gentechnik-frei<\/a>, <a href=\"https:\/\/www.donausoja.org\/\">Donau Soja<\/a>, <a href=\"https:\/\/www.enga.org\/\">ENGA<\/a> und <a href=\"https:\/\/www.proterrafoundation.org\/\">ProTerraFoundation<\/a>.<\/p>\n<p><strong>\u00a0<\/strong><em>Wir bitten die Vertreter:innen der Medien um Ank\u00fcndigung der Veranstaltung. <\/em><em>Anmeldung zur Akkreditierung bitte an den Verband Lebensmittel ohne Gentechnik e.V. <\/em><em>(VLOG), Karin Heinze, E-Mail: K.Heinze@ohnegentechnik.org<\/em><\/p>\n<p><a href=\"https:\/\/www.donausoja.org\/wp-content\/uploads\/2024\/06\/NonGMOSummit24_key-visual_for_download.jpg\" target=\"_blank\" rel=\"noopener\">Download key visual<\/a><br \/>\n<a href=\"https:\/\/www.donausoja.org\/wp-content\/uploads\/2024\/09\/PM-Summit-24.09.24-DE_final.pdf\" target=\"_blank\" rel=\"noopener\">Download diese Pressemitteilung als pdf<\/a><\/p>\n<p><strong><em>Ansprechpartner:innen f\u00fcr inhaltliche R\u00fcckfragen:<br \/>\n<\/em><\/strong><\/p>\n<p><em>Alexander Hissting<br \/>\n<\/em><em>Verband Lebensmittel ohne Gentechnik e.V. (VLOG)<br \/>\n<\/em><em>Friedrichstra\u00dfe 153a, 10117 Berlin<br \/>\n<\/em><em>Tel: +49-30-2359-945-10<br \/>\n<\/em><em>E-Mail: <a href=\"mailto:A.Hissting@ohnegentechnik.org\" target=\"_blank\" rel=\"noopener\">A.Hissting@ohnegentechnik.org<\/a><br \/>\n<\/em><em>Website: <a href=\"http:\/\/www.ohnegentechnik.org\" target=\"_blank\" rel=\"noopener\">www.ohnegentechnik.org<\/a><\/em><\/p>\n<p><em>Franko Petri<br \/>\n<\/em><em>Donau Soja<br \/>\n<\/em><em>Wiesinger Stra\u00dfe 6\/14, 1010 Wien<br \/>\n<\/em><em>Tel: +43-664-88961298<br \/>\n<\/em><em>E-Mail: <a href=\"mailto:petri@donausoja.org\" target=\"_blank\" rel=\"noopener\">petri@donausoja.org<\/a><br \/>\n<\/em><em>Website: <a href=\"http:\/\/www.donausoja.org\" target=\"_blank\" rel=\"noopener\">www.donausoja.org<\/a><\/em><\/p>\n<p><em>Florian Faber<br \/>\n<\/em><em>ARGE Gentechnik-frei<br \/>\n<\/em><em>Wiesinger Stra\u00dfe 6\/14, 1010 Wien<br \/>\n<\/em><em>Tel: +43-664-3819502<br \/>\n<\/em><em>E-Mail: <a href=\"mailto:f.faber@gentechnikfrei.at\" target=\"_blank\" rel=\"noopener\">f.faber@gentechnikfrei.at<\/a><br \/>\n<\/em><em>Website: <a href=\"http:\/\/www.gentechnikfrei.at\" target=\"_blank\" rel=\"noopener\">www.gentechnikfrei.at<\/a><\/em><\/p>\n<p><em>Heike Moldenhauer<br \/>\n<\/em><em>ENGA European Non-GMO Industry Association<br \/>\n<\/em><em>Rue du Tr\u00f4ne 194,1050 Ixelles<br \/>\n<\/em><em>Tel: +32 493 3354 91<br \/>\n<\/em><em>E-Mail: <a href=\"mailto:info@enga.org\" target=\"_blank\" rel=\"noopener\">info@enga.org<\/a><br \/>\n<\/em><em>Website: <a href=\"http:\/\/www.enga.org\" target=\"_blank\" rel=\"noopener\">www.enga.org<\/a><\/em><em>\u00a0<\/em><\/p>\n<p><em>Emese van Maanen<br \/>\n<\/em><em>ProTerra Foundation<br \/>\n<\/em><em>Goeman Borgesiuslaan, 77, 3515 ET Utrecht<br \/>\n<\/em><em>Mobil: +31-683-292852<br \/>\n<\/em><em>E-Mail: <a href=\"mailto:emese.vanmaanen@proterrafoundation.org\" target=\"_blank\" rel=\"noopener\">emese.vanmaanen@proterrafoundation.org<\/a><br \/>\n<\/em><em>Website: <a href=\"http:\/\/www.proterrafoundation.org\" target=\"_blank\" rel=\"noopener\">www.proterrafoundation.org<\/a><\/em><\/p>\n","protected":false},"excerpt":{"rendered":"<p>Updates zu neuen Gentechnikverfahren, EU-Verordnung, Markt- und Wissenschaftsperspektiven \u2013 mit einem internationalen Fachpublikum Frankfurt. Die f\u00fchrenden europ\u00e4ischen Verb\u00e4nde der \u201eOhne Gentechnik\u201c-Wirtschaft laden am 7. und 8. Oktober 2024 zum \u201eInternational Non-GMO Summit 2024\u201c nach Frankfurt am Main ein. Internationale Expert:innen aus Politik, Wirtschaft, landwirtschaftlicher Produktion und Wissenschaft informieren zu Trends der \u201eOhne-Gentechnik\u201c-M\u00e4rkte weltweit und zur [&hellip;]<\/p>\n","protected":false},"author":1,"featured_media":48349,"comment_status":"closed","ping_status":"closed","sticky":false,"template":"","format":"standard","meta":{"_et_pb_use_builder":"","_et_pb_old_content":"","_et_gb_content_width":"","footnotes":""},"categories":[492],"tags":[],"class_list":["post-48357","post","type-post","status-publish","format-standard","has-post-thumbnail","hentry","category-presseausendung"],"yoast_head":"<!-- This site is optimized with the Yoast SEO plugin v27.4 - https:\/\/yoast.com\/product\/yoast-seo-wordpress\/ -->\n<title>\u201eOhne-Gentechnik\u201c-Wirtschaft trifft sich zum International Non-GMO Summit - Donau Soja<\/title>\n<meta name=\"description\" content=\"Die f\u00fchrenden europ\u00e4ischen Verb\u00e4nde der \u201eOhne Gentechnik\u201c-Wirtschaft laden am 7. und 8. Oktober 2024 zum \u201eInternational Non-GMO Summit 2024\u201c nach Frankfurt am Main ein. Internationale Expert:innen aus Politik, Wirtschaft, landwirtschaftlicher Produktion und Wissenschaft informieren zu Trends der \u201eOhne-Gentechnik\u201c-M\u00e4rkte weltweit und zur aktuellen Debatte um neue Gentechnikverfahren (NGTs) in der EU. \u00a0\" \/>\n<meta name=\"robots\" content=\"index, follow, max-snippet:-1, max-image-preview:large, max-video-preview:-1\" \/>\n<link rel=\"canonical\" href=\"https:\/\/www.donausoja.org\/de\/non-gmo-industry-meets-for-the-international-non-gmo-summit\/\" \/>\n<meta property=\"og:locale\" content=\"de_DE\" \/>\n<meta property=\"og:type\" content=\"article\" \/>\n<meta property=\"og:title\" content=\"\u201eOhne-Gentechnik\u201c-Wirtschaft trifft sich zum International Non-GMO Summit - Donau Soja\" \/>\n<meta property=\"og:description\" content=\"Die f\u00fchrenden europ\u00e4ischen Verb\u00e4nde der \u201eOhne Gentechnik\u201c-Wirtschaft laden am 7. und 8. Oktober 2024 zum \u201eInternational Non-GMO Summit 2024\u201c nach Frankfurt am Main ein. Internationale Expert:innen aus Politik, Wirtschaft, landwirtschaftlicher Produktion und Wissenschaft informieren zu Trends der \u201eOhne-Gentechnik\u201c-M\u00e4rkte weltweit und zur aktuellen Debatte um neue Gentechnikverfahren (NGTs) in der EU. \u00a0\" \/>\n<meta property=\"og:url\" content=\"https:\/\/www.donausoja.org\/de\/non-gmo-industry-meets-for-the-international-non-gmo-summit\/\" \/>\n<meta property=\"og:site_name\" content=\"Donau Soja\" \/>\n<meta property=\"article:published_time\" content=\"2024-09-24T08:33:02+00:00\" \/>\n<meta property=\"article:modified_time\" content=\"2024-09-24T09:09:04+00:00\" \/>\n<meta property=\"og:image\" content=\"https:\/\/www.donausoja.org\/wp-content\/uploads\/2024\/09\/NonGMOSummit24-Keyvisual-Logos-for-download-scaled.jpg\" \/>\n\t<meta property=\"og:image:width\" content=\"2560\" \/>\n\t<meta property=\"og:image:height\" content=\"1804\" \/>\n\t<meta property=\"og:image:type\" content=\"image\/jpeg\" \/>\n<meta name=\"author\" content=\"admin\" \/>\n<meta name=\"twitter:card\" content=\"summary_large_image\" \/>\n<meta name=\"twitter:label1\" content=\"Verfasst von\" \/>\n\t<meta name=\"twitter:data1\" content=\"admin\" \/>\n\t<meta name=\"twitter:label2\" content=\"Gesch\u00e4tzte Lesezeit\" \/>\n\t<meta name=\"twitter:data2\" content=\"3\u00a0Minuten\" \/>\n<script type=\"application\/ld+json\" class=\"yoast-schema-graph\">{\"@context\":\"https:\\\/\\\/schema.org\",\"@graph\":[{\"@type\":\"Article\",\"@id\":\"https:\\\/\\\/www.donausoja.org\\\/de\\\/non-gmo-industry-meets-for-the-international-non-gmo-summit\\\/#article\",\"isPartOf\":{\"@id\":\"https:\\\/\\\/www.donausoja.org\\\/de\\\/non-gmo-industry-meets-for-the-international-non-gmo-summit\\\/\"},\"author\":{\"name\":\"admin\",\"@id\":\"https:\\\/\\\/www.donausoja.org\\\/de\\\/#\\\/schema\\\/person\\\/fe96d1dbdcfda32009766b63d3558ee0\"},\"headline\":\"\u201eOhne-Gentechnik\u201c-Wirtschaft trifft sich zum International Non-GMO Summit\",\"datePublished\":\"2024-09-24T08:33:02+00:00\",\"dateModified\":\"2024-09-24T09:09:04+00:00\",\"mainEntityOfPage\":{\"@id\":\"https:\\\/\\\/www.donausoja.org\\\/de\\\/non-gmo-industry-meets-for-the-international-non-gmo-summit\\\/\"},\"wordCount\":701,\"image\":{\"@id\":\"https:\\\/\\\/www.donausoja.org\\\/de\\\/non-gmo-industry-meets-for-the-international-non-gmo-summit\\\/#primaryimage\"},\"thumbnailUrl\":\"https:\\\/\\\/www.donausoja.org\\\/wp-content\\\/uploads\\\/2024\\\/09\\\/NonGMOSummit24-Keyvisual-Logos-for-download-scaled.jpg\",\"articleSection\":[\"Presseaussendung\"],\"inLanguage\":\"de\"},{\"@type\":\"WebPage\",\"@id\":\"https:\\\/\\\/www.donausoja.org\\\/de\\\/non-gmo-industry-meets-for-the-international-non-gmo-summit\\\/\",\"url\":\"https:\\\/\\\/www.donausoja.org\\\/de\\\/non-gmo-industry-meets-for-the-international-non-gmo-summit\\\/\",\"name\":\"\u201eOhne-Gentechnik\u201c-Wirtschaft trifft sich zum International Non-GMO Summit - Donau Soja\",\"isPartOf\":{\"@id\":\"https:\\\/\\\/www.donausoja.org\\\/de\\\/#website\"},\"primaryImageOfPage\":{\"@id\":\"https:\\\/\\\/www.donausoja.org\\\/de\\\/non-gmo-industry-meets-for-the-international-non-gmo-summit\\\/#primaryimage\"},\"image\":{\"@id\":\"https:\\\/\\\/www.donausoja.org\\\/de\\\/non-gmo-industry-meets-for-the-international-non-gmo-summit\\\/#primaryimage\"},\"thumbnailUrl\":\"https:\\\/\\\/www.donausoja.org\\\/wp-content\\\/uploads\\\/2024\\\/09\\\/NonGMOSummit24-Keyvisual-Logos-for-download-scaled.jpg\",\"datePublished\":\"2024-09-24T08:33:02+00:00\",\"dateModified\":\"2024-09-24T09:09:04+00:00\",\"author\":{\"@id\":\"https:\\\/\\\/www.donausoja.org\\\/de\\\/#\\\/schema\\\/person\\\/fe96d1dbdcfda32009766b63d3558ee0\"},\"description\":\"Die f\u00fchrenden europ\u00e4ischen Verb\u00e4nde der \u201eOhne Gentechnik\u201c-Wirtschaft laden am 7. und 8. Oktober 2024 zum \u201eInternational Non-GMO Summit 2024\u201c nach Frankfurt am Main ein. Internationale Expert:innen aus Politik, Wirtschaft, landwirtschaftlicher Produktion und Wissenschaft informieren zu Trends der \u201eOhne-Gentechnik\u201c-M\u00e4rkte weltweit und zur aktuellen Debatte um neue Gentechnikverfahren (NGTs) in der EU. \u00a0\",\"breadcrumb\":{\"@id\":\"https:\\\/\\\/www.donausoja.org\\\/de\\\/non-gmo-industry-meets-for-the-international-non-gmo-summit\\\/#breadcrumb\"},\"inLanguage\":\"de\",\"potentialAction\":[{\"@type\":\"ReadAction\",\"target\":[\"https:\\\/\\\/www.donausoja.org\\\/de\\\/non-gmo-industry-meets-for-the-international-non-gmo-summit\\\/\"]}]},{\"@type\":\"ImageObject\",\"inLanguage\":\"de\",\"@id\":\"https:\\\/\\\/www.donausoja.org\\\/de\\\/non-gmo-industry-meets-for-the-international-non-gmo-summit\\\/#primaryimage\",\"url\":\"https:\\\/\\\/www.donausoja.org\\\/wp-content\\\/uploads\\\/2024\\\/09\\\/NonGMOSummit24-Keyvisual-Logos-for-download-scaled.jpg\",\"contentUrl\":\"https:\\\/\\\/www.donausoja.org\\\/wp-content\\\/uploads\\\/2024\\\/09\\\/NonGMOSummit24-Keyvisual-Logos-for-download-scaled.jpg\",\"width\":2560,\"height\":1804},{\"@type\":\"BreadcrumbList\",\"@id\":\"https:\\\/\\\/www.donausoja.org\\\/de\\\/non-gmo-industry-meets-for-the-international-non-gmo-summit\\\/#breadcrumb\",\"itemListElement\":[{\"@type\":\"ListItem\",\"position\":1,\"name\":\"Home\",\"item\":\"https:\\\/\\\/www.donausoja.org\\\/de\\\/\"},{\"@type\":\"ListItem\",\"position\":2,\"name\":\"\u201eOhne-Gentechnik\u201c-Wirtschaft trifft sich zum International Non-GMO Summit\"}]},{\"@type\":\"WebSite\",\"@id\":\"https:\\\/\\\/www.donausoja.org\\\/de\\\/#website\",\"url\":\"https:\\\/\\\/www.donausoja.org\\\/de\\\/\",\"name\":\"Donau Soja\",\"description\":\"Together for a European Protein Supply: Regional. Sustainable. Non-GM.\",\"potentialAction\":[{\"@type\":\"SearchAction\",\"target\":{\"@type\":\"EntryPoint\",\"urlTemplate\":\"https:\\\/\\\/www.donausoja.org\\\/de\\\/?s={search_term_string}\"},\"query-input\":{\"@type\":\"PropertyValueSpecification\",\"valueRequired\":true,\"valueName\":\"search_term_string\"}}],\"inLanguage\":\"de\"},{\"@type\":\"Person\",\"@id\":\"https:\\\/\\\/www.donausoja.org\\\/de\\\/#\\\/schema\\\/person\\\/fe96d1dbdcfda32009766b63d3558ee0\",\"name\":\"admin\",\"image\":{\"@type\":\"ImageObject\",\"inLanguage\":\"de\",\"@id\":\"https:\\\/\\\/secure.gravatar.com\\\/avatar\\\/63c60b85501fc4e8657f8e478de9ca5141ecedbd3d15595bb66cc9c8c608284d?s=96&d=mm&r=g\",\"url\":\"https:\\\/\\\/secure.gravatar.com\\\/avatar\\\/63c60b85501fc4e8657f8e478de9ca5141ecedbd3d15595bb66cc9c8c608284d?s=96&d=mm&r=g\",\"contentUrl\":\"https:\\\/\\\/secure.gravatar.com\\\/avatar\\\/63c60b85501fc4e8657f8e478de9ca5141ecedbd3d15595bb66cc9c8c608284d?s=96&d=mm&r=g\",\"caption\":\"admin\"},\"sameAs\":[\"https:\\\/\\\/fourth.donausoja.org\"],\"url\":\"https:\\\/\\\/www.donausoja.org\\\/de\\\/author\\\/admin\\\/\"}]}<\/script>\n<!-- \/ Yoast SEO plugin. -->","yoast_head_json":{"title":"\u201eOhne-Gentechnik\u201c-Wirtschaft trifft sich zum International Non-GMO Summit - Donau Soja","description":"Die f\u00fchrenden europ\u00e4ischen Verb\u00e4nde der \u201eOhne Gentechnik\u201c-Wirtschaft laden am 7. und 8. Oktober 2024 zum \u201eInternational Non-GMO Summit 2024\u201c nach Frankfurt am Main ein. Internationale Expert:innen aus Politik, Wirtschaft, landwirtschaftlicher Produktion und Wissenschaft informieren zu Trends der \u201eOhne-Gentechnik\u201c-M\u00e4rkte weltweit und zur aktuellen Debatte um neue Gentechnikverfahren (NGTs) in der EU. \u00a0","robots":{"index":"index","follow":"follow","max-snippet":"max-snippet:-1","max-image-preview":"max-image-preview:large","max-video-preview":"max-video-preview:-1"},"canonical":"https:\/\/www.donausoja.org\/de\/non-gmo-industry-meets-for-the-international-non-gmo-summit\/","og_locale":"de_DE","og_type":"article","og_title":"\u201eOhne-Gentechnik\u201c-Wirtschaft trifft sich zum International Non-GMO Summit - Donau Soja","og_description":"Die f\u00fchrenden europ\u00e4ischen Verb\u00e4nde der \u201eOhne Gentechnik\u201c-Wirtschaft laden am 7. und 8. Oktober 2024 zum \u201eInternational Non-GMO Summit 2024\u201c nach Frankfurt am Main ein. Internationale Expert:innen aus Politik, Wirtschaft, landwirtschaftlicher Produktion und Wissenschaft informieren zu Trends der \u201eOhne-Gentechnik\u201c-M\u00e4rkte weltweit und zur aktuellen Debatte um neue Gentechnikverfahren (NGTs) in der EU. \u00a0","og_url":"https:\/\/www.donausoja.org\/de\/non-gmo-industry-meets-for-the-international-non-gmo-summit\/","og_site_name":"Donau Soja","article_published_time":"2024-09-24T08:33:02+00:00","article_modified_time":"2024-09-24T09:09:04+00:00","og_image":[{"width":2560,"height":1804,"url":"https:\/\/www.donausoja.org\/wp-content\/uploads\/2024\/09\/NonGMOSummit24-Keyvisual-Logos-for-download-scaled.jpg","type":"image\/jpeg"}],"author":"admin","twitter_card":"summary_large_image","twitter_misc":{"Verfasst von":"admin","Gesch\u00e4tzte Lesezeit":"3\u00a0Minuten"},"schema":{"@context":"https:\/\/schema.org","@graph":[{"@type":"Article","@id":"https:\/\/www.donausoja.org\/de\/non-gmo-industry-meets-for-the-international-non-gmo-summit\/#article","isPartOf":{"@id":"https:\/\/www.donausoja.org\/de\/non-gmo-industry-meets-for-the-international-non-gmo-summit\/"},"author":{"name":"admin","@id":"https:\/\/www.donausoja.org\/de\/#\/schema\/person\/fe96d1dbdcfda32009766b63d3558ee0"},"headline":"\u201eOhne-Gentechnik\u201c-Wirtschaft trifft sich zum International Non-GMO Summit","datePublished":"2024-09-24T08:33:02+00:00","dateModified":"2024-09-24T09:09:04+00:00","mainEntityOfPage":{"@id":"https:\/\/www.donausoja.org\/de\/non-gmo-industry-meets-for-the-international-non-gmo-summit\/"},"wordCount":701,"image":{"@id":"https:\/\/www.donausoja.org\/de\/non-gmo-industry-meets-for-the-international-non-gmo-summit\/#primaryimage"},"thumbnailUrl":"https:\/\/www.donausoja.org\/wp-content\/uploads\/2024\/09\/NonGMOSummit24-Keyvisual-Logos-for-download-scaled.jpg","articleSection":["Presseaussendung"],"inLanguage":"de"},{"@type":"WebPage","@id":"https:\/\/www.donausoja.org\/de\/non-gmo-industry-meets-for-the-international-non-gmo-summit\/","url":"https:\/\/www.donausoja.org\/de\/non-gmo-industry-meets-for-the-international-non-gmo-summit\/","name":"\u201eOhne-Gentechnik\u201c-Wirtschaft trifft sich zum International Non-GMO Summit - Donau Soja","isPartOf":{"@id":"https:\/\/www.donausoja.org\/de\/#website"},"primaryImageOfPage":{"@id":"https:\/\/www.donausoja.org\/de\/non-gmo-industry-meets-for-the-international-non-gmo-summit\/#primaryimage"},"image":{"@id":"https:\/\/www.donausoja.org\/de\/non-gmo-industry-meets-for-the-international-non-gmo-summit\/#primaryimage"},"thumbnailUrl":"https:\/\/www.donausoja.org\/wp-content\/uploads\/2024\/09\/NonGMOSummit24-Keyvisual-Logos-for-download-scaled.jpg","datePublished":"2024-09-24T08:33:02+00:00","dateModified":"2024-09-24T09:09:04+00:00","author":{"@id":"https:\/\/www.donausoja.org\/de\/#\/schema\/person\/fe96d1dbdcfda32009766b63d3558ee0"},"description":"Die f\u00fchrenden europ\u00e4ischen Verb\u00e4nde der \u201eOhne Gentechnik\u201c-Wirtschaft laden am 7. und 8. Oktober 2024 zum \u201eInternational Non-GMO Summit 2024\u201c nach Frankfurt am Main ein. Internationale Expert:innen aus Politik, Wirtschaft, landwirtschaftlicher Produktion und Wissenschaft informieren zu Trends der \u201eOhne-Gentechnik\u201c-M\u00e4rkte weltweit und zur aktuellen Debatte um neue Gentechnikverfahren (NGTs) in der EU. \u00a0","breadcrumb":{"@id":"https:\/\/www.donausoja.org\/de\/non-gmo-industry-meets-for-the-international-non-gmo-summit\/#breadcrumb"},"inLanguage":"de","potentialAction":[{"@type":"ReadAction","target":["https:\/\/www.donausoja.org\/de\/non-gmo-industry-meets-for-the-international-non-gmo-summit\/"]}]},{"@type":"ImageObject","inLanguage":"de","@id":"https:\/\/www.donausoja.org\/de\/non-gmo-industry-meets-for-the-international-non-gmo-summit\/#primaryimage","url":"https:\/\/www.donausoja.org\/wp-content\/uploads\/2024\/09\/NonGMOSummit24-Keyvisual-Logos-for-download-scaled.jpg","contentUrl":"https:\/\/www.donausoja.org\/wp-content\/uploads\/2024\/09\/NonGMOSummit24-Keyvisual-Logos-for-download-scaled.jpg","width":2560,"height":1804},{"@type":"BreadcrumbList","@id":"https:\/\/www.donausoja.org\/de\/non-gmo-industry-meets-for-the-international-non-gmo-summit\/#breadcrumb","itemListElement":[{"@type":"ListItem","position":1,"name":"Home","item":"https:\/\/www.donausoja.org\/de\/"},{"@type":"ListItem","position":2,"name":"\u201eOhne-Gentechnik\u201c-Wirtschaft trifft sich zum International Non-GMO Summit"}]},{"@type":"WebSite","@id":"https:\/\/www.donausoja.org\/de\/#website","url":"https:\/\/www.donausoja.org\/de\/","name":"Donau Soja","description":"Together for a European Protein Supply: Regional. Sustainable. Non-GM.","potentialAction":[{"@type":"SearchAction","target":{"@type":"EntryPoint","urlTemplate":"https:\/\/www.donausoja.org\/de\/?s={search_term_string}"},"query-input":{"@type":"PropertyValueSpecification","valueRequired":true,"valueName":"search_term_string"}}],"inLanguage":"de"},{"@type":"Person","@id":"https:\/\/www.donausoja.org\/de\/#\/schema\/person\/fe96d1dbdcfda32009766b63d3558ee0","name":"admin","image":{"@type":"ImageObject","inLanguage":"de","@id":"https:\/\/secure.gravatar.com\/avatar\/63c60b85501fc4e8657f8e478de9ca5141ecedbd3d15595bb66cc9c8c608284d?s=96&d=mm&r=g","url":"https:\/\/secure.gravatar.com\/avatar\/63c60b85501fc4e8657f8e478de9ca5141ecedbd3d15595bb66cc9c8c608284d?s=96&d=mm&r=g","contentUrl":"https:\/\/secure.gravatar.com\/avatar\/63c60b85501fc4e8657f8e478de9ca5141ecedbd3d15595bb66cc9c8c608284d?s=96&d=mm&r=g","caption":"admin"},"sameAs":["https:\/\/fourth.donausoja.org"],"url":"https:\/\/www.donausoja.org\/de\/author\/admin\/"}]}},"_links":{"self":[{"href":"https:\/\/www.donausoja.org\/de\/wp-json\/wp\/v2\/posts\/48357","targetHints":{"allow":["GET"]}}],"collection":[{"href":"https:\/\/www.donausoja.org\/de\/wp-json\/wp\/v2\/posts"}],"about":[{"href":"https:\/\/www.donausoja.org\/de\/wp-json\/wp\/v2\/types\/post"}],"author":[{"embeddable":true,"href":"https:\/\/www.donausoja.org\/de\/wp-json\/wp\/v2\/users\/1"}],"replies":[{"embeddable":true,"href":"https:\/\/www.donausoja.org\/de\/wp-json\/wp\/v2\/comments?post=48357"}],"version-history":[{"count":3,"href":"https:\/\/www.donausoja.org\/de\/wp-json\/wp\/v2\/posts\/48357\/revisions"}],"predecessor-version":[{"id":48370,"href":"https:\/\/www.donausoja.org\/de\/wp-json\/wp\/v2\/posts\/48357\/revisions\/48370"}],"wp:featuredmedia":[{"embeddable":true,"href":"https:\/\/www.donausoja.org\/de\/wp-json\/wp\/v2\/media\/48349"}],"wp:attachment":[{"href":"https:\/\/www.donausoja.org\/de\/wp-json\/wp\/v2\/media?parent=48357"}],"wp:term":[{"taxonomy":"category","embeddable":true,"href":"https:\/\/www.donausoja.org\/de\/wp-json\/wp\/v2\/categories?post=48357"},{"taxonomy":"post_tag","embeddable":true,"href":"https:\/\/www.donausoja.org\/de\/wp-json\/wp\/v2\/tags?post=48357"}],"curies":[{"name":"wp","href":"https:\/\/api.w.org\/{rel}","templated":true}]}}