
{"id":47758,"date":"2024-08-27T06:45:31","date_gmt":"2024-08-27T06:45:31","guid":{"rendered":"https:\/\/www.donausoja.org\/international-conference-on-the-future-of-the-non-gmo-industry\/"},"modified":"2024-08-27T07:15:33","modified_gmt":"2024-08-27T07:15:33","slug":"internationale-konferenz-zukunft-ohne-gentechnik","status":"publish","type":"post","link":"https:\/\/www.donausoja.org\/de\/internationale-konferenz-zukunft-ohne-gentechnik\/","title":{"rendered":"Internationale Konferenz zur Zukunft der Ohne-Gentechnik-Wirtschaft"},"content":{"rendered":"<p><em>Aktuelles zu Neuer Gentechnik, internationalen Marktentwicklungen und Verbrauchererwartungen<\/em><\/p>\n<p>Frankfurt. Die wichtigsten europ\u00e4ischen Verb\u00e4nde der \u201eOhne Gentechnik\u201c-Wirtschaft laden am 8. Oktober 2024 zum <strong>\u201eInternational Non-GMO Summit 2024\u201c<\/strong> nach Frankfurt am Main ein. Internationale Expert:innen aus Politik, Wirtschaft und Wissenschaft informieren zu aktuellen Brennpunkten und Trends der \u201eOhne-Gentechnik\u201c-M\u00e4rkte weltweit. Im Fokus steht die aktuelle politische Debatte um die Neue Gentechnik und deren potenzielle Auswirkungen auf \u201eOhne Gentechnik\u201c und Bio.<\/p>\n<p>Die \u201eOhne Gentechnik\u201c-Branche sieht mit der von der EU-Kommission vorgeschlagenen Abschaffung von Kennzeichnung, R\u00fcckverfolgbarkeit und Transparenz f\u00fcr den Gro\u00dfteil der mit Neuer Gentechnik hergestellten Pflanzen, die Basis ihrer Existenz bedroht. Denn: F\u00fcr eine glaubw\u00fcrdige und verl\u00e4ssliche \u201eOhne Gentechnik\u201d-Auslobung m\u00fcssen alle Beteiligten entlang der Wertsch\u00f6pfungskette ebenso wie die Verbraucher:innen wissen, welche Produkte und Produktbestandteile mit bzw. mit Hilfe von Gentechnik hergestellt wurden.<\/p>\n<p>Der im Juli 2023 von der EU-Kommission vorgelegte Entwurf zur weitgehenden Deregulierung des EU-Gentechnikrechts f\u00fcr Produkte aus den Verfahren der Neuen Gentechnik (NGT) gef\u00e4hrdet nicht nur die europaweit erfolgreichen Wirtschaftszweige \u201eOhne Gentechnik\u201c und \u201eBio\u201c, sondern auch die Wahlfreiheit f\u00fcr europ\u00e4ische Landwirt:innen, Verarbeiter:innen und Verbraucher:innen. Dabei best\u00e4tigen zahlreiche Umfragen, dass f\u00fcr Verbraucher:innen die Gentechnikfreiheit ganz oben auf der Liste ihrer Erwartungen an Qualit\u00e4tsprodukte steht.<\/p>\n<p>Die \u201eOhne Gentechnik\u201c-Wirtschaft hat in den vergangenen zwei Jahrzehnten in Europa und weltweit qualitativ sehr hochwertig abgesicherte Lieferketten f\u00fcr Produkte ohne Gentechnik sowie entsprechend florierende Absatzm\u00e4rkte aufgebaut. Allein in Deutschland wurden 2023 rund 17,4 Mrd. Euro mit \u201eOhne Gentechnik\u201c gekennzeichneten Produkten umgesetzt; in \u00d6sterreich waren es rund 4,5 Mrd. Euro.<\/p>\n<p><strong>Wichtigster Branchen-Treff der \u201eOhne Gentechnik\u201c-Wirtschaft<\/strong><\/p>\n<p>Nach dem vielbeachteten Non-GMO-Summit im Mai 2023, liegt der Fokus dieses Jahr auf der brandaktuellen Frage der Regulierung von NGTs f\u00fcr den EU-Markteinstieg, sowie auf m\u00f6glichen Konsequenzen f\u00fcr den Binnenmarkt und europ\u00e4ische Lebensmittelexporte. Den hohen Stellenwert der \u201eOhne Gentechnik\u201c-Wirtschaft in Europa unterstreichen die Gru\u00dfbotschaften des ungarischen Landwirtschaftsministers <strong>Istv\u00e1n Nagy <\/strong>als Vertreter der ungarischen Ratspr\u00e4sidentschaft und von Staatssekret\u00e4rin <strong>Silvia Bender<\/strong> in Vertretung von Bundeslandwirtschaftsminister Cem \u00d6zdemir.<\/p>\n<p>Aktuelle Informationen zum Status Quo bei der Entwicklung und Marktzulassung von NGT-Pflanzen vermittelt <strong>Samson Simon<\/strong> vom deutschen Bundesamt f\u00fcr Naturschutz (BfN). <strong>Dietmar Vybiral<\/strong> vom \u00f6sterreichischen Verbraucherschutzministerium erl\u00e4utert den aktuellen Stand der Verhandlungen \u00fcber einen neuen Rechtsrahmen f\u00fcr NGTs in der EU. Im n\u00e4chsten Programmpunkt geht es um Strategien und Technologien zum Ausschluss von NGTs in den Wertsch\u00f6pfungsketten. Von der zukunftsweisenden Forschung zu verl\u00e4sslichen Nachweismethoden f\u00fcr NGTs berichtet der Leiter des europ\u00e4ischen DARWIN-Projektes <strong>Odd-Gunnar Wikmark<\/strong> vom norwegischen Forschungsinstitut NORCE.<\/p>\n<p>Einblicke in fast zwei Jahrzehnte Erfahrung mit R\u00fcckverfolgbarkeit und \u201eOhne Gentechnik\u201c-Zertifizierung in den USA geben <strong>Erin Auld<\/strong> und <strong>Pauline Lauvin<\/strong> vom Non-GMO-Project. Wie der europ\u00e4ische Bio-Sektor wirkungsvoll NGTs aus seinen Wertsch\u00f6pfungsketten heraushalten will, erkl\u00e4rt <strong>Eric Gall<\/strong> vom europ\u00e4ischen Dachverband IFOAM Organics Europe. In einer Diskussionsrunde \u00fcber die Herausforderungen bei der Absicherung gentechnikfreier Lieferketten kommen Unternehmen aus der europ\u00e4ischen und weltweiten \u201eOhne Gentechnik\u201c-Wirtschaft zu Wort.<\/p>\n<p><strong>Aktuelle Marktdaten und Perspektiven <\/strong><\/p>\n<p>Einen \u00dcberblick \u00fcber Angebot, Nachfrage und Perspektiven f\u00fcr gentechnikfreie Rohstoffe in Europa und weltweit geben <strong>Bertalan Kruppa<\/strong> (Donau Soja), <strong>Maxime Montserrat<\/strong> (Bunge) und <strong>Daniele Marcomin<\/strong> (Agribusiness di Covolato srl\/Italien). Expert:innen aus Marktforschung, Herstellung und Handel diskutieren \u00fcber die Vielfalt und die Perspektiven der europ\u00e4ischen Non-GMO-M\u00e4rkte.<\/p>\n<p>Unter der \u00dcberschrift \u201eNon-GMO als Innovationsmotor\u201c betrachten Sprecher aus den USA und Gro\u00dfbritannien die Zukunftsaussichten des \u201eOhne Gentechnik\u201c-Sektors. Die Chancen f\u00fcr den erfolgreichen Einsatz von \u201eOhne Gentechnik\u201c-Pflanzen in der Regenerativen Landwirtschaft zeigt <strong>Ruud Overbeek<\/strong>, (Foodchain ID\/USA) auf. <strong>Josh Taylor<\/strong> (ISEAL\/UK) geht der Frage nach, wie Zertifizierung die Umwelt-, Sozial- und Rechtskonformit\u00e4t von Produkten \u201eOhne Gentechnik&#8221; herstellt und sichert.<\/p>\n<p>Am Vorabend des Non-GMO Summits, 7. Oktober ab 18:00 Uhr, k\u00f6nnen sich die internationalen Akteure der \u201eOhne Gentechnik\u201c-Branche bei brasilianischen Spezialit\u00e4ten \u00fcber aktuelle und k\u00fcnftige Herausforderungen der gentechnikfreien Produktion, \u00fcber Marktpotenziale und Zukunftsfragen austauschen. Der Empfang wird von mehreren brasilianischen Unternehmen aus der Soja-Branche gehostet.<\/p>\n<p><strong>Helmut Gaugitsch<\/strong>, Abteilungsleiter Biodiversit\u00e4t und internationale Zusammenarbeit im Umweltbundesamt \u00d6sterreich und langj\u00e4hriger renommierter Experte f\u00fcr Gentechnik-Fragen, f\u00fchrt durch das <a href=\"https:\/\/www.nongmosummit.com\/\">Programm des Non-GMO-Summit 2024<\/a>.<\/p>\n<p>Das vollst\u00e4ndige Programm der Konferenz und alle wichtigen Informationen finden Sie unter <a href=\"http:\/\/www.nongmosummit.com\/\">www.nongmosummit.com<\/a>.<\/p>\n<p>Der International Non-GMO Summit wird von den wichtigsten Wirtschaftsverb\u00e4nden des \u201eOhne Gentechnik\u201c-Marktes veranstaltet: <a href=\"https:\/\/www.ohnegentechnik.org\/\">Verband Lebensmittel ohne Gentechnik (VLOG)<\/a>, <a href=\"https:\/\/gentechnikfrei.at\/\">ARGE Gentechnik-frei<\/a>, <a href=\"https:\/\/www.donausoja.org\/\">Donau Soja<\/a>, <a href=\"https:\/\/www.enga.org\/\">ENGA<\/a> und <a href=\"https:\/\/www.proterrafoundation.org\/\">ProTerraFoundation<\/a>.<\/p>\n<p><strong>International Non-GMO-Summit 2024<\/strong><br \/>\nTermin: 7. und 8. Oktober 2024<br \/>\nOrt: Crowne Plaza Kongresshotel, Lyoner Stra\u00dfe 44-48, 60528 Frankfurt am Main<br \/>\nThema\/Titel: <strong>\u201eDie Zukunft der gentechnikfreien Produktion: Herausforderungen, regulatorischer Ausblick und Marktpotenzial\u201c<\/strong><\/p>\n<p>Wir bitten die Vertreter:innen der Medien um Ank\u00fcndigung der Veranstaltung. Anmeldung zur Akkreditierung bitte an den Verband Lebensmittel ohne Gentechnik e.V. (VLOG), Karin Heinze, E-Mail: <a href=\"mailto:K.Heinze@ohnegentechnik.org\">K.Heinze@ohnegentechnik.org<\/a><\/p>\n<p><a href=\"https:\/\/www.donausoja.org\/wp-content\/uploads\/2024\/08\/20240827_Non-GMO-Summit-PM-de_final.pdf\" target=\"_blank\" rel=\"noopener\">Download Presseaussendung als pdf<\/a><br \/>\n<a href=\"https:\/\/www.donausoja.org\/wp-content\/uploads\/2024\/08\/NonGMOSummit24-Keyvisual-Logos-for-download-scaled.jpg\" target=\"_blank\" rel=\"noopener\">Download Konferenzlogo<\/a><br \/>\n<a href=\"https:\/\/www.donausoja.org\/wp-content\/uploads\/2024\/08\/Non-GMO-Summit-2023-Gruppenbild-Abschluss-Foto-Nina-Werth.jpg\" target=\"_blank\" rel=\"noopener\">Download Gruppenbild der Konferenz 2023<\/a><br \/>\nFotocredit (c) Nina Werth<\/p>\n<p><strong>Ansprechpartner:innen f\u00fcr inhaltliche R\u00fcckfragen<br \/>\n<\/strong>Alexander Hissting<br \/>\nVerband Lebensmittel ohne Gentechnik e.V. (VLOG)<br \/>\nFriedrichstra\u00dfe 153a, 10117 Berlin<br \/>\nTel: +49-30-2359-945-10<br \/>\nE-Mail: <a href=\"mailto:A.Hissting@ohnegentechnik.org\">A.Hissting@ohnegentechnik.org<\/a><br \/>\nWebsite: <a href=\"http:\/\/www.ohnegentechnik.org\">www.ohnegentechnik.org<\/a><\/p>\n<p>Franko Petri<br \/>\nDonau Soja<br \/>\nWiesinger Stra\u00dfe 6\/14, 1010 Wien<br \/>\nTel: +43-664-88961298<br \/>\nE-Mail: <a href=\"mailto:petri@donausoja.org\">petri@donausoja.org<\/a><br \/>\nWebsite: <a href=\"http:\/\/www.donausoja.org\/\">www.donausoja.org<\/a><\/p>\n<p>Florian Faber<br \/>\nARGE Gentechnik-frei<br \/>\nWiesinger Stra\u00dfe 6\/14, 1010 Wien<br \/>\nTel: +43-664-3819502<br \/>\nE-Mail: <a href=\"mailto:f.faber@gentechnikfrei.at\">f.faber@gentechnikfrei.at<\/a><br \/>\nWebsite: <a href=\"http:\/\/www.gentechnikfrei.at\/\">www.gentechnikfrei.at<\/a><\/p>\n<p>Heike Moldenhauer<br \/>\nENGA European Non-GMO Industry Association<br \/>\nRue du Tr\u00f4ne 194,1050 Ixelles<br \/>\nTel: +32 493 3354 91<br \/>\nEmail: <a href=\"mailto:info@enga.org\">info@enga.org<\/a><br \/>\nWebsite: <a href=\"http:\/\/www.enga.org\">www.enga.org<\/a><\/p>\n<p>Emese van Maanen<br \/>\nProTerra Foundation<br \/>\nGoeman Borgesiuslaan, 77, 3515 ET Utrecht<br \/>\nMobil: +31-683-292852<br \/>\nEmail: <a href=\"mailto:emese.vanmaanen@proterrafoundation.org\">emese.vanmaanen@proterrafoundation.org<\/a><br \/>\nWebsite: <a href=\"http:\/\/www.proterrafoundation.org\/\">www.proterrafoundation.org<\/a><\/p>\n","protected":false},"excerpt":{"rendered":"<p>Aktuelles zu Neuer Gentechnik, internationalen Marktentwicklungen und Verbrauchererwartungen Frankfurt. Die wichtigsten europ\u00e4ischen Verb\u00e4nde der \u201eOhne Gentechnik\u201c-Wirtschaft laden am 8. Oktober 2024 zum \u201eInternational Non-GMO Summit 2024\u201c nach Frankfurt am Main ein. Internationale Expert:innen aus Politik, Wirtschaft und Wissenschaft informieren zu aktuellen Brennpunkten und Trends der \u201eOhne-Gentechnik\u201c-M\u00e4rkte weltweit. Im Fokus steht die aktuelle politische Debatte um [&hellip;]<\/p>\n","protected":false},"author":1,"featured_media":47741,"comment_status":"closed","ping_status":"closed","sticky":false,"template":"","format":"standard","meta":{"_et_pb_use_builder":"","_et_pb_old_content":"","_et_gb_content_width":"","footnotes":""},"categories":[492],"tags":[],"class_list":["post-47758","post","type-post","status-publish","format-standard","has-post-thumbnail","hentry","category-presseausendung"],"yoast_head":"<!-- This site is optimized with the Yoast SEO plugin v27.4 - https:\/\/yoast.com\/product\/yoast-seo-wordpress\/ -->\n<title>Internationale Konferenz zur Zukunft der Ohne-Gentechnik-Wirtschaft - Donau Soja<\/title>\n<meta name=\"description\" content=\"Frankfurt. Die wichtigsten europ\u00e4ischen Verb\u00e4nde der \u201eOhne Gentechnik\u201c-Wirtschaft laden am 8. Oktober 2024 zum \u201eInternational Non-GMO Summit 2024\u201c nach Frankfurt am Main ein. Internationale Expert:innen aus Politik, Wirtschaft und Wissenschaft informieren zu aktuellen Brennpunkten und Trends der \u201eOhne-Gentechnik\u201c-M\u00e4rkte weltweit. Im Fokus steht die aktuelle politische Debatte um die Neue Gentechnik und deren potenzielle Auswirkungen auf \u201eOhne Gentechnik\u201c und Bio.\" \/>\n<meta name=\"robots\" content=\"index, follow, max-snippet:-1, max-image-preview:large, max-video-preview:-1\" \/>\n<link rel=\"canonical\" href=\"https:\/\/www.donausoja.org\/de\/internationale-konferenz-zukunft-ohne-gentechnik\/\" \/>\n<meta property=\"og:locale\" content=\"de_DE\" \/>\n<meta property=\"og:type\" content=\"article\" \/>\n<meta property=\"og:title\" content=\"Internationale Konferenz zur Zukunft der Ohne-Gentechnik-Wirtschaft - Donau Soja\" \/>\n<meta property=\"og:description\" content=\"Frankfurt. Die wichtigsten europ\u00e4ischen Verb\u00e4nde der \u201eOhne Gentechnik\u201c-Wirtschaft laden am 8. Oktober 2024 zum \u201eInternational Non-GMO Summit 2024\u201c nach Frankfurt am Main ein. Internationale Expert:innen aus Politik, Wirtschaft und Wissenschaft informieren zu aktuellen Brennpunkten und Trends der \u201eOhne-Gentechnik\u201c-M\u00e4rkte weltweit. Im Fokus steht die aktuelle politische Debatte um die Neue Gentechnik und deren potenzielle Auswirkungen auf \u201eOhne Gentechnik\u201c und Bio.\" \/>\n<meta property=\"og:url\" content=\"https:\/\/www.donausoja.org\/de\/internationale-konferenz-zukunft-ohne-gentechnik\/\" \/>\n<meta property=\"og:site_name\" content=\"Donau Soja\" \/>\n<meta property=\"article:published_time\" content=\"2024-08-27T06:45:31+00:00\" \/>\n<meta property=\"article:modified_time\" content=\"2024-08-27T07:15:33+00:00\" \/>\n<meta property=\"og:image\" content=\"https:\/\/www.donausoja.org\/wp-content\/uploads\/2024\/08\/NonGMOSummit24-Keyvisual-Logos-for-download-scaled.jpg\" \/>\n\t<meta property=\"og:image:width\" content=\"2560\" \/>\n\t<meta property=\"og:image:height\" content=\"1804\" \/>\n\t<meta property=\"og:image:type\" content=\"image\/jpeg\" \/>\n<meta name=\"author\" content=\"admin\" \/>\n<meta name=\"twitter:card\" content=\"summary_large_image\" \/>\n<meta name=\"twitter:label1\" content=\"Verfasst von\" \/>\n\t<meta name=\"twitter:data1\" content=\"admin\" \/>\n\t<meta name=\"twitter:label2\" content=\"Gesch\u00e4tzte Lesezeit\" \/>\n\t<meta name=\"twitter:data2\" content=\"4\u00a0Minuten\" \/>\n<script type=\"application\/ld+json\" class=\"yoast-schema-graph\">{\"@context\":\"https:\\\/\\\/schema.org\",\"@graph\":[{\"@type\":\"Article\",\"@id\":\"https:\\\/\\\/www.donausoja.org\\\/de\\\/internationale-konferenz-zukunft-ohne-gentechnik\\\/#article\",\"isPartOf\":{\"@id\":\"https:\\\/\\\/www.donausoja.org\\\/de\\\/internationale-konferenz-zukunft-ohne-gentechnik\\\/\"},\"author\":{\"name\":\"admin\",\"@id\":\"https:\\\/\\\/www.donausoja.org\\\/de\\\/#\\\/schema\\\/person\\\/fe96d1dbdcfda32009766b63d3558ee0\"},\"headline\":\"Internationale Konferenz zur Zukunft der Ohne-Gentechnik-Wirtschaft\",\"datePublished\":\"2024-08-27T06:45:31+00:00\",\"dateModified\":\"2024-08-27T07:15:33+00:00\",\"mainEntityOfPage\":{\"@id\":\"https:\\\/\\\/www.donausoja.org\\\/de\\\/internationale-konferenz-zukunft-ohne-gentechnik\\\/\"},\"wordCount\":932,\"image\":{\"@id\":\"https:\\\/\\\/www.donausoja.org\\\/de\\\/internationale-konferenz-zukunft-ohne-gentechnik\\\/#primaryimage\"},\"thumbnailUrl\":\"https:\\\/\\\/www.donausoja.org\\\/wp-content\\\/uploads\\\/2024\\\/08\\\/NonGMOSummit24-Keyvisual-Logos-for-download-scaled.jpg\",\"articleSection\":[\"Presseaussendung\"],\"inLanguage\":\"de\"},{\"@type\":\"WebPage\",\"@id\":\"https:\\\/\\\/www.donausoja.org\\\/de\\\/internationale-konferenz-zukunft-ohne-gentechnik\\\/\",\"url\":\"https:\\\/\\\/www.donausoja.org\\\/de\\\/internationale-konferenz-zukunft-ohne-gentechnik\\\/\",\"name\":\"Internationale Konferenz zur Zukunft der Ohne-Gentechnik-Wirtschaft - Donau Soja\",\"isPartOf\":{\"@id\":\"https:\\\/\\\/www.donausoja.org\\\/de\\\/#website\"},\"primaryImageOfPage\":{\"@id\":\"https:\\\/\\\/www.donausoja.org\\\/de\\\/internationale-konferenz-zukunft-ohne-gentechnik\\\/#primaryimage\"},\"image\":{\"@id\":\"https:\\\/\\\/www.donausoja.org\\\/de\\\/internationale-konferenz-zukunft-ohne-gentechnik\\\/#primaryimage\"},\"thumbnailUrl\":\"https:\\\/\\\/www.donausoja.org\\\/wp-content\\\/uploads\\\/2024\\\/08\\\/NonGMOSummit24-Keyvisual-Logos-for-download-scaled.jpg\",\"datePublished\":\"2024-08-27T06:45:31+00:00\",\"dateModified\":\"2024-08-27T07:15:33+00:00\",\"author\":{\"@id\":\"https:\\\/\\\/www.donausoja.org\\\/de\\\/#\\\/schema\\\/person\\\/fe96d1dbdcfda32009766b63d3558ee0\"},\"description\":\"Frankfurt. Die wichtigsten europ\u00e4ischen Verb\u00e4nde der \u201eOhne Gentechnik\u201c-Wirtschaft laden am 8. Oktober 2024 zum \u201eInternational Non-GMO Summit 2024\u201c nach Frankfurt am Main ein. Internationale Expert:innen aus Politik, Wirtschaft und Wissenschaft informieren zu aktuellen Brennpunkten und Trends der \u201eOhne-Gentechnik\u201c-M\u00e4rkte weltweit. Im Fokus steht die aktuelle politische Debatte um die Neue Gentechnik und deren potenzielle Auswirkungen auf \u201eOhne Gentechnik\u201c und Bio.\",\"breadcrumb\":{\"@id\":\"https:\\\/\\\/www.donausoja.org\\\/de\\\/internationale-konferenz-zukunft-ohne-gentechnik\\\/#breadcrumb\"},\"inLanguage\":\"de\",\"potentialAction\":[{\"@type\":\"ReadAction\",\"target\":[\"https:\\\/\\\/www.donausoja.org\\\/de\\\/internationale-konferenz-zukunft-ohne-gentechnik\\\/\"]}]},{\"@type\":\"ImageObject\",\"inLanguage\":\"de\",\"@id\":\"https:\\\/\\\/www.donausoja.org\\\/de\\\/internationale-konferenz-zukunft-ohne-gentechnik\\\/#primaryimage\",\"url\":\"https:\\\/\\\/www.donausoja.org\\\/wp-content\\\/uploads\\\/2024\\\/08\\\/NonGMOSummit24-Keyvisual-Logos-for-download-scaled.jpg\",\"contentUrl\":\"https:\\\/\\\/www.donausoja.org\\\/wp-content\\\/uploads\\\/2024\\\/08\\\/NonGMOSummit24-Keyvisual-Logos-for-download-scaled.jpg\",\"width\":2560,\"height\":1804,\"caption\":\"Congress logo\"},{\"@type\":\"BreadcrumbList\",\"@id\":\"https:\\\/\\\/www.donausoja.org\\\/de\\\/internationale-konferenz-zukunft-ohne-gentechnik\\\/#breadcrumb\",\"itemListElement\":[{\"@type\":\"ListItem\",\"position\":1,\"name\":\"Home\",\"item\":\"https:\\\/\\\/www.donausoja.org\\\/de\\\/\"},{\"@type\":\"ListItem\",\"position\":2,\"name\":\"Internationale Konferenz zur Zukunft der Ohne-Gentechnik-Wirtschaft\"}]},{\"@type\":\"WebSite\",\"@id\":\"https:\\\/\\\/www.donausoja.org\\\/de\\\/#website\",\"url\":\"https:\\\/\\\/www.donausoja.org\\\/de\\\/\",\"name\":\"Donau Soja\",\"description\":\"Together for a European Protein Supply: Regional. Sustainable. Non-GM.\",\"potentialAction\":[{\"@type\":\"SearchAction\",\"target\":{\"@type\":\"EntryPoint\",\"urlTemplate\":\"https:\\\/\\\/www.donausoja.org\\\/de\\\/?s={search_term_string}\"},\"query-input\":{\"@type\":\"PropertyValueSpecification\",\"valueRequired\":true,\"valueName\":\"search_term_string\"}}],\"inLanguage\":\"de\"},{\"@type\":\"Person\",\"@id\":\"https:\\\/\\\/www.donausoja.org\\\/de\\\/#\\\/schema\\\/person\\\/fe96d1dbdcfda32009766b63d3558ee0\",\"name\":\"admin\",\"image\":{\"@type\":\"ImageObject\",\"inLanguage\":\"de\",\"@id\":\"https:\\\/\\\/secure.gravatar.com\\\/avatar\\\/63c60b85501fc4e8657f8e478de9ca5141ecedbd3d15595bb66cc9c8c608284d?s=96&d=mm&r=g\",\"url\":\"https:\\\/\\\/secure.gravatar.com\\\/avatar\\\/63c60b85501fc4e8657f8e478de9ca5141ecedbd3d15595bb66cc9c8c608284d?s=96&d=mm&r=g\",\"contentUrl\":\"https:\\\/\\\/secure.gravatar.com\\\/avatar\\\/63c60b85501fc4e8657f8e478de9ca5141ecedbd3d15595bb66cc9c8c608284d?s=96&d=mm&r=g\",\"caption\":\"admin\"},\"sameAs\":[\"https:\\\/\\\/fourth.donausoja.org\"],\"url\":\"https:\\\/\\\/www.donausoja.org\\\/de\\\/author\\\/admin\\\/\"}]}<\/script>\n<!-- \/ Yoast SEO plugin. -->","yoast_head_json":{"title":"Internationale Konferenz zur Zukunft der Ohne-Gentechnik-Wirtschaft - Donau Soja","description":"Frankfurt. Die wichtigsten europ\u00e4ischen Verb\u00e4nde der \u201eOhne Gentechnik\u201c-Wirtschaft laden am 8. Oktober 2024 zum \u201eInternational Non-GMO Summit 2024\u201c nach Frankfurt am Main ein. Internationale Expert:innen aus Politik, Wirtschaft und Wissenschaft informieren zu aktuellen Brennpunkten und Trends der \u201eOhne-Gentechnik\u201c-M\u00e4rkte weltweit. Im Fokus steht die aktuelle politische Debatte um die Neue Gentechnik und deren potenzielle Auswirkungen auf \u201eOhne Gentechnik\u201c und Bio.","robots":{"index":"index","follow":"follow","max-snippet":"max-snippet:-1","max-image-preview":"max-image-preview:large","max-video-preview":"max-video-preview:-1"},"canonical":"https:\/\/www.donausoja.org\/de\/internationale-konferenz-zukunft-ohne-gentechnik\/","og_locale":"de_DE","og_type":"article","og_title":"Internationale Konferenz zur Zukunft der Ohne-Gentechnik-Wirtschaft - Donau Soja","og_description":"Frankfurt. Die wichtigsten europ\u00e4ischen Verb\u00e4nde der \u201eOhne Gentechnik\u201c-Wirtschaft laden am 8. Oktober 2024 zum \u201eInternational Non-GMO Summit 2024\u201c nach Frankfurt am Main ein. Internationale Expert:innen aus Politik, Wirtschaft und Wissenschaft informieren zu aktuellen Brennpunkten und Trends der \u201eOhne-Gentechnik\u201c-M\u00e4rkte weltweit. Im Fokus steht die aktuelle politische Debatte um die Neue Gentechnik und deren potenzielle Auswirkungen auf \u201eOhne Gentechnik\u201c und Bio.","og_url":"https:\/\/www.donausoja.org\/de\/internationale-konferenz-zukunft-ohne-gentechnik\/","og_site_name":"Donau Soja","article_published_time":"2024-08-27T06:45:31+00:00","article_modified_time":"2024-08-27T07:15:33+00:00","og_image":[{"width":2560,"height":1804,"url":"https:\/\/www.donausoja.org\/wp-content\/uploads\/2024\/08\/NonGMOSummit24-Keyvisual-Logos-for-download-scaled.jpg","type":"image\/jpeg"}],"author":"admin","twitter_card":"summary_large_image","twitter_misc":{"Verfasst von":"admin","Gesch\u00e4tzte Lesezeit":"4\u00a0Minuten"},"schema":{"@context":"https:\/\/schema.org","@graph":[{"@type":"Article","@id":"https:\/\/www.donausoja.org\/de\/internationale-konferenz-zukunft-ohne-gentechnik\/#article","isPartOf":{"@id":"https:\/\/www.donausoja.org\/de\/internationale-konferenz-zukunft-ohne-gentechnik\/"},"author":{"name":"admin","@id":"https:\/\/www.donausoja.org\/de\/#\/schema\/person\/fe96d1dbdcfda32009766b63d3558ee0"},"headline":"Internationale Konferenz zur Zukunft der Ohne-Gentechnik-Wirtschaft","datePublished":"2024-08-27T06:45:31+00:00","dateModified":"2024-08-27T07:15:33+00:00","mainEntityOfPage":{"@id":"https:\/\/www.donausoja.org\/de\/internationale-konferenz-zukunft-ohne-gentechnik\/"},"wordCount":932,"image":{"@id":"https:\/\/www.donausoja.org\/de\/internationale-konferenz-zukunft-ohne-gentechnik\/#primaryimage"},"thumbnailUrl":"https:\/\/www.donausoja.org\/wp-content\/uploads\/2024\/08\/NonGMOSummit24-Keyvisual-Logos-for-download-scaled.jpg","articleSection":["Presseaussendung"],"inLanguage":"de"},{"@type":"WebPage","@id":"https:\/\/www.donausoja.org\/de\/internationale-konferenz-zukunft-ohne-gentechnik\/","url":"https:\/\/www.donausoja.org\/de\/internationale-konferenz-zukunft-ohne-gentechnik\/","name":"Internationale Konferenz zur Zukunft der Ohne-Gentechnik-Wirtschaft - Donau Soja","isPartOf":{"@id":"https:\/\/www.donausoja.org\/de\/#website"},"primaryImageOfPage":{"@id":"https:\/\/www.donausoja.org\/de\/internationale-konferenz-zukunft-ohne-gentechnik\/#primaryimage"},"image":{"@id":"https:\/\/www.donausoja.org\/de\/internationale-konferenz-zukunft-ohne-gentechnik\/#primaryimage"},"thumbnailUrl":"https:\/\/www.donausoja.org\/wp-content\/uploads\/2024\/08\/NonGMOSummit24-Keyvisual-Logos-for-download-scaled.jpg","datePublished":"2024-08-27T06:45:31+00:00","dateModified":"2024-08-27T07:15:33+00:00","author":{"@id":"https:\/\/www.donausoja.org\/de\/#\/schema\/person\/fe96d1dbdcfda32009766b63d3558ee0"},"description":"Frankfurt. Die wichtigsten europ\u00e4ischen Verb\u00e4nde der \u201eOhne Gentechnik\u201c-Wirtschaft laden am 8. Oktober 2024 zum \u201eInternational Non-GMO Summit 2024\u201c nach Frankfurt am Main ein. Internationale Expert:innen aus Politik, Wirtschaft und Wissenschaft informieren zu aktuellen Brennpunkten und Trends der \u201eOhne-Gentechnik\u201c-M\u00e4rkte weltweit. Im Fokus steht die aktuelle politische Debatte um die Neue Gentechnik und deren potenzielle Auswirkungen auf \u201eOhne Gentechnik\u201c und Bio.","breadcrumb":{"@id":"https:\/\/www.donausoja.org\/de\/internationale-konferenz-zukunft-ohne-gentechnik\/#breadcrumb"},"inLanguage":"de","potentialAction":[{"@type":"ReadAction","target":["https:\/\/www.donausoja.org\/de\/internationale-konferenz-zukunft-ohne-gentechnik\/"]}]},{"@type":"ImageObject","inLanguage":"de","@id":"https:\/\/www.donausoja.org\/de\/internationale-konferenz-zukunft-ohne-gentechnik\/#primaryimage","url":"https:\/\/www.donausoja.org\/wp-content\/uploads\/2024\/08\/NonGMOSummit24-Keyvisual-Logos-for-download-scaled.jpg","contentUrl":"https:\/\/www.donausoja.org\/wp-content\/uploads\/2024\/08\/NonGMOSummit24-Keyvisual-Logos-for-download-scaled.jpg","width":2560,"height":1804,"caption":"Congress logo"},{"@type":"BreadcrumbList","@id":"https:\/\/www.donausoja.org\/de\/internationale-konferenz-zukunft-ohne-gentechnik\/#breadcrumb","itemListElement":[{"@type":"ListItem","position":1,"name":"Home","item":"https:\/\/www.donausoja.org\/de\/"},{"@type":"ListItem","position":2,"name":"Internationale Konferenz zur Zukunft der Ohne-Gentechnik-Wirtschaft"}]},{"@type":"WebSite","@id":"https:\/\/www.donausoja.org\/de\/#website","url":"https:\/\/www.donausoja.org\/de\/","name":"Donau Soja","description":"Together for a European Protein Supply: Regional. Sustainable. Non-GM.","potentialAction":[{"@type":"SearchAction","target":{"@type":"EntryPoint","urlTemplate":"https:\/\/www.donausoja.org\/de\/?s={search_term_string}"},"query-input":{"@type":"PropertyValueSpecification","valueRequired":true,"valueName":"search_term_string"}}],"inLanguage":"de"},{"@type":"Person","@id":"https:\/\/www.donausoja.org\/de\/#\/schema\/person\/fe96d1dbdcfda32009766b63d3558ee0","name":"admin","image":{"@type":"ImageObject","inLanguage":"de","@id":"https:\/\/secure.gravatar.com\/avatar\/63c60b85501fc4e8657f8e478de9ca5141ecedbd3d15595bb66cc9c8c608284d?s=96&d=mm&r=g","url":"https:\/\/secure.gravatar.com\/avatar\/63c60b85501fc4e8657f8e478de9ca5141ecedbd3d15595bb66cc9c8c608284d?s=96&d=mm&r=g","contentUrl":"https:\/\/secure.gravatar.com\/avatar\/63c60b85501fc4e8657f8e478de9ca5141ecedbd3d15595bb66cc9c8c608284d?s=96&d=mm&r=g","caption":"admin"},"sameAs":["https:\/\/fourth.donausoja.org"],"url":"https:\/\/www.donausoja.org\/de\/author\/admin\/"}]}},"_links":{"self":[{"href":"https:\/\/www.donausoja.org\/de\/wp-json\/wp\/v2\/posts\/47758","targetHints":{"allow":["GET"]}}],"collection":[{"href":"https:\/\/www.donausoja.org\/de\/wp-json\/wp\/v2\/posts"}],"about":[{"href":"https:\/\/www.donausoja.org\/de\/wp-json\/wp\/v2\/types\/post"}],"author":[{"embeddable":true,"href":"https:\/\/www.donausoja.org\/de\/wp-json\/wp\/v2\/users\/1"}],"replies":[{"embeddable":true,"href":"https:\/\/www.donausoja.org\/de\/wp-json\/wp\/v2\/comments?post=47758"}],"version-history":[{"count":3,"href":"https:\/\/www.donausoja.org\/de\/wp-json\/wp\/v2\/posts\/47758\/revisions"}],"predecessor-version":[{"id":47761,"href":"https:\/\/www.donausoja.org\/de\/wp-json\/wp\/v2\/posts\/47758\/revisions\/47761"}],"wp:featuredmedia":[{"embeddable":true,"href":"https:\/\/www.donausoja.org\/de\/wp-json\/wp\/v2\/media\/47741"}],"wp:attachment":[{"href":"https:\/\/www.donausoja.org\/de\/wp-json\/wp\/v2\/media?parent=47758"}],"wp:term":[{"taxonomy":"category","embeddable":true,"href":"https:\/\/www.donausoja.org\/de\/wp-json\/wp\/v2\/categories?post=47758"},{"taxonomy":"post_tag","embeddable":true,"href":"https:\/\/www.donausoja.org\/de\/wp-json\/wp\/v2\/tags?post=47758"}],"curies":[{"name":"wp","href":"https:\/\/api.w.org\/{rel}","templated":true}]}}